{"id":30679,"date":"2025-09-17T07:03:55","date_gmt":"2025-09-17T05:03:55","guid":{"rendered":"https:\/\/i-vent.com\/si\/?p=30679"},"modified":"2026-02-19T07:26:06","modified_gmt":"2026-02-19T06:26:06","slug":"adijo-plesen-dobrodosel-svez-zrak","status":"publish","type":"post","link":"https:\/\/i-vent.com\/si\/novice\/adijo-plesen-dobrodosel-svez-zrak\/","title":{"rendered":"Adijo, plesen. Dobrodo\u0161el, sve\u017e zrak."},"content":{"rendered":"<p>Ste tudi vi med tistimi, ki so se sprijaznili z dejstvom, da sta vlaga in vonj po zatohlem nekaj, kar je pa\u010d sestavni del va\u0161ega doma? Veste, da morate vsako jutro na ste\u017eaj odpreti vsa okna, da se va\u0161 dom dobro prezra\u010di \u2013 \u010detudi to pozimi pomeni, da s tem ustvarjate prepih in posledi\u010dno nepotrebne toplotne izgube.<\/p>\n<p>A navkljub temu, da se trudite, da bi bil zrak v va\u0161em domu \u010dist in sve\u017e, se vsako jutro, \u010detudi ste spali dovolj, \u0161e vedno zbudite utrujeni, z glavobolom in zama\u0161enim nosom. Ampak, ali ste kdaj pomislili, da se vzroki za va\u0161e slab\u0161e po\u010dutje in pomanjkanje energije skrivajo prav v previsoki vla\u017enosti, slabi mikroklimi in celo (skriti) plesni?<\/p>\n<h3>i-Vent \u2013 re\u0161itev, ki ne bo spremenila le va\u0161ih juter, ampak celo \u017eivljenje<\/h3>\n<p>S podobnimi te\u017eavami se je soo\u010dal tudi Gojc. Po tem, ko se je odlo\u010dil za vgradnjo pametnega prezra\u010devalnega sistema i-Vent, je v svojem domu hitro opazil razliko: \u00bbOd vgradnje sistema i-Vent je zrak v mojem domu ob\u010dutno bolj sve\u017e, ne ob\u010duti se ve\u010d vlage in ni\u010d ve\u010d ni tiste te\u017ee v plju\u010dih. Razlika je o\u010ditna, kar lahko potrdijo tudi vsi, ki pridejo k meni na obisk. Ni\u010d ve\u010d zatohlosti in kuhinjskih vonjav, ki bi se zadr\u017eevale po prostorih.\u00ab<\/p>\n<h3>Sve\u017eina brez skrbi in nepotrebnih stro\u0161kov<\/h3>\n<p>Ena od stvari, ki jih Gojc \u0161e posebej ceni, je preprostost vzdr\u017eevanja. \u00bbFiltre enostavno sperem pod vodo in spet so kot novi. Ni\u010d dodatnih stro\u0161kov, ni\u010d kompliciranja,\u00ab pravi.<\/p>\n<p>Sprva ga je skrbelo tudi, ali bo sistem hrupen: \u00bbPred vgradnjo sem bil kar malo v skrbeh, da bo prezra\u010devalni sistem prehrupen. Ampak se je izkazalo ravno obratno. \u010ceprav i-Vent deluje ves \u010das, ga prakti\u010dno ne sli\u0161im.\u00ab<\/p>\n<h3>Tudi mirno bivanje je zdravo bivanje.<\/h3>\n<p>Pri odlo\u010ditvi za pametni prezra\u010devalni sistem i-Vent Gojc ni razmi\u0161ljal le o sebi, ampak tudi o dolgoro\u010dni vrednosti doma. \u00bbZdaj, ko vem, da je zrak \u010dist in da na stenah ne nastaja plesen, sem veliko bolj miren. Vlaga ne bo uni\u010dila sten in pohi\u0161tva, predvsem pa ne bo vplivala na zdravje. Ni\u010d ve\u010d skrbi, da bi imel \u010dez nekaj let opravka z obse\u017enimi sanacijami,\u00ab pojasni.<\/p>\n<h3>Ekspresna monta\u017ea brez \u010dakanja<\/h3>\n<p>Ena od prednosti, ki jih Gojc \u0161e posebej poudari, je hitrost celotnega procesa. \u00bbKo sem oddal povpra\u0161evanje, so me kontaktirali \u017ee naslednji dan,\u00ab pove. \u00bbNajbolj pa me je presenetilo, da je bil i-Vent na steni \u017ee v enem tednu \u2013 brez razbijanja, brez umazanije in brez nepotrebnega \u010dakanja.\u00ab<\/p>\n<p>Razlog za to je \u0161iroka mre\u017ea kar 17 strokovno usposobljenih monterskih ekip po vsej Sloveniji. Prav zato monta\u017ee potekajo hitro in zanesljivo, vsak poseg pa je opravljen natan\u010dno in profesionalno. \u00bbEkipa, ki je pri\u0161la k meni, je bila prijazna, izku\u0161ena in zelo temeljita. Vidi se, da vedo, kaj delajo, zato je vse izvedeno tako, kot mora biti. To je res razlika, ki jo ob\u010duti\u0161,\u00ab \u0161e doda Gojc.<\/p>\n<h3>Veliki sejemski popust \u2013 pametni prezra\u010devalni sistem i-Vent do kar 70 % ceneje!<\/h3>\n<p><a href=\"https:\/\/i-vent.com\/si\/svez-zrak-brez-vlage-brez-plesni\/\">Sve\u017e zrak<\/a> ni luksuz, ampak osnova za zdrav in prijeten dom. Pametni prezra\u010devalni sistem i-Vent vam bo omogo\u010dil, da boste vsak dan prekipevali od energije, za\u017eiveli brez vlage in plesni ter dolgoro\u010dno poskrbeli za svoje zdravje in za zdravje svojega doma.<\/p>\n<p>Odlo\u010dite se za korak, ki bo spremenil va\u0161e bivanje na bolje \u2013 enkrat za vselej. i-Vent ni le \u0161e ena dodatna naprava, ampak dolgoro\u010dna nalo\u017eba v kakovost \u017eivljenja.<\/p>\n<p>Tudi letos nas med 17. in 21. septembrom lahko obi\u0161\u010dete na Sejmu MOS. Ob tej prilo\u017enosti smo za vas pripravili ekskluzivni sejemski popust, v katerem vam je <strong>pametna prezra\u010devalna enota i-Vent na voljo do kar 70 % ugodneje<\/strong>*!<\/p>\n<p><em>*<\/em> <em>Ponudba zajema 40 % akcijskega popusta in do 30 % subvencije <a href=\"https:\/\/i-vent.com\/si\/subvencija-eko-sklada\/\">EKO sklada<\/a>. 40-% popust velja samo za pametno prezra\u010devalno enoto i-Vent. <\/em><\/p>\n<p><em>Akcija velja od 16. do 25. 9. 2025. <\/em><\/p>\n","protected":false},"excerpt":{"rendered":"<p>Ste tudi vi med tistimi, ki so se sprijaznili z dejstvom, da sta vlaga in vonj po zatohlem nekaj, kar je pa\u010d sestavni del va\u0161ega doma? Veste, da morate vsako jutro na ste\u017eaj odpreti vsa okna, da se va\u0161 dom dobro&#8230;<\/p>\n","protected":false},"author":2,"featured_media":30731,"comment_status":"closed","ping_status":"closed","sticky":false,"template":"","format":"standard","meta":{"footnotes":""},"categories":[1],"tags":[219,227,225,226],"class_list":["post-30679","post","type-post","status-publish","format-standard","has-post-thumbnail","hentry","category-novice","tag-akcije","tag-plesen","tag-prezracevanje","tag-vlaga"],"yoast_head":"<!-- This site is optimized with the Yoast SEO plugin v27.1.1 - https:\/\/yoast.com\/product\/yoast-seo-wordpress\/ -->\n<title>Adijo, plesen. Dobrodo\u0161el, sve\u017e zrak. - i-Vent.com<\/title>\n<meta name=\"robots\" content=\"noindex, nofollow\" \/>\n<meta property=\"og:locale\" content=\"sl_SI\" \/>\n<meta property=\"og:type\" content=\"article\" \/>\n<meta property=\"og:title\" content=\"Adijo, plesen. Dobrodo\u0161el, sve\u017e zrak. - i-Vent.com\" \/>\n<meta property=\"og:description\" content=\"Ste tudi vi med tistimi, ki so se sprijaznili z dejstvom, da sta vlaga in vonj po zatohlem nekaj, kar je pa\u010d sestavni del va\u0161ega doma? Veste, da morate vsako jutro na ste\u017eaj odpreti vsa okna, da se va\u0161 dom dobro...\" \/>\n<meta property=\"og:url\" content=\"https:\/\/i-vent.com\/si\/novice\/adijo-plesen-dobrodosel-svez-zrak\/\" \/>\n<meta property=\"og:site_name\" content=\"i-Vent.com\" \/>\n<meta property=\"article:publisher\" content=\"https:\/\/www.facebook.com\/iVent.slovenija\/\" \/>\n<meta property=\"article:published_time\" content=\"2025-09-17T05:03:55+00:00\" \/>\n<meta property=\"article:modified_time\" content=\"2026-02-19T06:26:06+00:00\" \/>\n<meta property=\"og:image\" content=\"https:\/\/i-vent.com\/si\/wp-content\/uploads\/2025\/09\/i-Vent-plesen-novica_v2-1.webp\" \/>\n\t<meta property=\"og:image:width\" content=\"1024\" \/>\n\t<meta property=\"og:image:height\" content=\"576\" \/>\n\t<meta property=\"og:image:type\" content=\"image\/webp\" \/>\n<meta name=\"author\" content=\"\u0160pela\" \/>\n<meta name=\"twitter:card\" content=\"summary_large_image\" \/>\n<meta name=\"twitter:label1\" content=\"Written by\" \/>\n\t<meta name=\"twitter:data1\" content=\"\u0160pela\" \/>\n\t<meta name=\"twitter:label2\" content=\"Est. reading time\" \/>\n\t<meta name=\"twitter:data2\" content=\"4 minute\" \/>\n<script type=\"application\/ld+json\" class=\"yoast-schema-graph\">{\"@context\":\"https:\/\/schema.org\",\"@graph\":[{\"@type\":\"Article\",\"@id\":\"https:\/\/i-vent.com\/si\/novice\/adijo-plesen-dobrodosel-svez-zrak\/#article\",\"isPartOf\":{\"@id\":\"https:\/\/i-vent.com\/si\/novice\/adijo-plesen-dobrodosel-svez-zrak\/\"},\"author\":{\"name\":\"\u0160pela\",\"@id\":\"https:\/\/i-vent.com\/si\/#\/schema\/person\/67bf2a2b2f68c947ac000d62052d075f\"},\"headline\":\"Adijo, plesen. Dobrodo\u0161el, sve\u017e zrak.\",\"datePublished\":\"2025-09-17T05:03:55+00:00\",\"dateModified\":\"2026-02-19T06:26:06+00:00\",\"mainEntityOfPage\":{\"@id\":\"https:\/\/i-vent.com\/si\/novice\/adijo-plesen-dobrodosel-svez-zrak\/\"},\"wordCount\":660,\"publisher\":{\"@id\":\"https:\/\/i-vent.com\/si\/#organization\"},\"image\":{\"@id\":\"https:\/\/i-vent.com\/si\/novice\/adijo-plesen-dobrodosel-svez-zrak\/#primaryimage\"},\"thumbnailUrl\":\"https:\/\/i-vent.com\/si\/wp-content\/uploads\/2025\/09\/i-Vent-plesen-novica_v2-1.webp\",\"keywords\":[\"akcije\",\"plesen\",\"prezra\u010devanje\",\"vlaga\"],\"articleSection\":[\"Novice\"],\"inLanguage\":\"sl-SI\"},{\"@type\":\"WebPage\",\"@id\":\"https:\/\/i-vent.com\/si\/novice\/adijo-plesen-dobrodosel-svez-zrak\/\",\"url\":\"https:\/\/i-vent.com\/si\/novice\/adijo-plesen-dobrodosel-svez-zrak\/\",\"name\":\"Adijo, plesen. Dobrodo\u0161el, sve\u017e zrak. - i-Vent.com\",\"isPartOf\":{\"@id\":\"https:\/\/i-vent.com\/si\/#website\"},\"primaryImageOfPage\":{\"@id\":\"https:\/\/i-vent.com\/si\/novice\/adijo-plesen-dobrodosel-svez-zrak\/#primaryimage\"},\"image\":{\"@id\":\"https:\/\/i-vent.com\/si\/novice\/adijo-plesen-dobrodosel-svez-zrak\/#primaryimage\"},\"thumbnailUrl\":\"https:\/\/i-vent.com\/si\/wp-content\/uploads\/2025\/09\/i-Vent-plesen-novica_v2-1.webp\",\"datePublished\":\"2025-09-17T05:03:55+00:00\",\"dateModified\":\"2026-02-19T06:26:06+00:00\",\"breadcrumb\":{\"@id\":\"https:\/\/i-vent.com\/si\/novice\/adijo-plesen-dobrodosel-svez-zrak\/#breadcrumb\"},\"inLanguage\":\"sl-SI\",\"potentialAction\":[{\"@type\":\"ReadAction\",\"target\":[\"https:\/\/i-vent.com\/si\/novice\/adijo-plesen-dobrodosel-svez-zrak\/\"]}]},{\"@type\":\"ImageObject\",\"inLanguage\":\"sl-SI\",\"@id\":\"https:\/\/i-vent.com\/si\/novice\/adijo-plesen-dobrodosel-svez-zrak\/#primaryimage\",\"url\":\"https:\/\/i-vent.com\/si\/wp-content\/uploads\/2025\/09\/i-Vent-plesen-novica_v2-1.webp\",\"contentUrl\":\"https:\/\/i-vent.com\/si\/wp-content\/uploads\/2025\/09\/i-Vent-plesen-novica_v2-1.webp\",\"width\":1024,\"height\":576,\"caption\":\"i-Vent monta\u017ea\"},{\"@type\":\"BreadcrumbList\",\"@id\":\"https:\/\/i-vent.com\/si\/novice\/adijo-plesen-dobrodosel-svez-zrak\/#breadcrumb\",\"itemListElement\":[{\"@type\":\"ListItem\",\"position\":1,\"name\":\"Domov\",\"item\":\"https:\/\/i-vent.com\/si\/\"},{\"@type\":\"ListItem\",\"position\":2,\"name\":\"Adijo, plesen. Dobrodo\u0161el, sve\u017e zrak.\"}]},{\"@type\":\"WebSite\",\"@id\":\"https:\/\/i-vent.com\/si\/#website\",\"url\":\"https:\/\/i-vent.com\/si\/\",\"name\":\"i-Vent\",\"description\":\"Specialisti za prezra\u010devanje\",\"publisher\":{\"@id\":\"https:\/\/i-vent.com\/si\/#organization\"},\"alternateName\":\"i-Vent\",\"potentialAction\":[{\"@type\":\"SearchAction\",\"target\":{\"@type\":\"EntryPoint\",\"urlTemplate\":\"https:\/\/i-vent.com\/si\/?s={search_term_string}\"},\"query-input\":{\"@type\":\"PropertyValueSpecification\",\"valueRequired\":true,\"valueName\":\"search_term_string\"}}],\"inLanguage\":\"sl-SI\"},{\"@type\":\"Organization\",\"@id\":\"https:\/\/i-vent.com\/si\/#organization\",\"name\":\"i-Vent\",\"alternateName\":\"i-Vent d.o.o.\",\"url\":\"https:\/\/i-vent.com\/si\/\",\"logo\":{\"@type\":\"ImageObject\",\"inLanguage\":\"sl-SI\",\"@id\":\"https:\/\/i-vent.com\/si\/#\/schema\/logo\/image\/\",\"url\":\"https:\/\/i-vent.com\/si\/wp-content\/uploads\/2025\/03\/i-Vent_696x696.jpg\",\"contentUrl\":\"https:\/\/i-vent.com\/si\/wp-content\/uploads\/2025\/03\/i-Vent_696x696.jpg\",\"width\":696,\"height\":696,\"caption\":\"i-Vent\"},\"image\":{\"@id\":\"https:\/\/i-vent.com\/si\/#\/schema\/logo\/image\/\"},\"sameAs\":[\"https:\/\/www.facebook.com\/iVent.slovenija\/\"]},{\"@type\":\"Person\",\"@id\":\"https:\/\/i-vent.com\/si\/#\/schema\/person\/67bf2a2b2f68c947ac000d62052d075f\",\"name\":\"\u0160pela\",\"image\":{\"@type\":\"ImageObject\",\"inLanguage\":\"sl-SI\",\"@id\":\"https:\/\/i-vent.com\/si\/#\/schema\/person\/image\/\",\"url\":\"https:\/\/i-vent.com\/si\/wp-content\/litespeed\/avatar\/a75cd71c97d80944a02928bfead600e5.jpg?ver=1777145982\",\"contentUrl\":\"https:\/\/i-vent.com\/si\/wp-content\/litespeed\/avatar\/a75cd71c97d80944a02928bfead600e5.jpg?ver=1777145982\",\"caption\":\"\u0160pela\"},\"url\":\"https:\/\/i-vent.com\/si\/author\/spela-golobnaveza-com\/\"}]}<\/script>\n<!-- \/ Yoast SEO plugin. -->","yoast_head_json":{"title":"Adijo, plesen. Dobrodo\u0161el, sve\u017e zrak. - i-Vent.com","robots":{"index":"noindex","follow":"nofollow"},"og_locale":"sl_SI","og_type":"article","og_title":"Adijo, plesen. Dobrodo\u0161el, sve\u017e zrak. - i-Vent.com","og_description":"Ste tudi vi med tistimi, ki so se sprijaznili z dejstvom, da sta vlaga in vonj po zatohlem nekaj, kar je pa\u010d sestavni del va\u0161ega doma? Veste, da morate vsako jutro na ste\u017eaj odpreti vsa okna, da se va\u0161 dom dobro...","og_url":"https:\/\/i-vent.com\/si\/novice\/adijo-plesen-dobrodosel-svez-zrak\/","og_site_name":"i-Vent.com","article_publisher":"https:\/\/www.facebook.com\/iVent.slovenija\/","article_published_time":"2025-09-17T05:03:55+00:00","article_modified_time":"2026-02-19T06:26:06+00:00","og_image":[{"width":1024,"height":576,"url":"https:\/\/i-vent.com\/si\/wp-content\/uploads\/2025\/09\/i-Vent-plesen-novica_v2-1.webp","type":"image\/webp"}],"author":"\u0160pela","twitter_card":"summary_large_image","twitter_misc":{"Written by":"\u0160pela","Est. reading time":"4 minute"},"schema":{"@context":"https:\/\/schema.org","@graph":[{"@type":"Article","@id":"https:\/\/i-vent.com\/si\/novice\/adijo-plesen-dobrodosel-svez-zrak\/#article","isPartOf":{"@id":"https:\/\/i-vent.com\/si\/novice\/adijo-plesen-dobrodosel-svez-zrak\/"},"author":{"name":"\u0160pela","@id":"https:\/\/i-vent.com\/si\/#\/schema\/person\/67bf2a2b2f68c947ac000d62052d075f"},"headline":"Adijo, plesen. Dobrodo\u0161el, sve\u017e zrak.","datePublished":"2025-09-17T05:03:55+00:00","dateModified":"2026-02-19T06:26:06+00:00","mainEntityOfPage":{"@id":"https:\/\/i-vent.com\/si\/novice\/adijo-plesen-dobrodosel-svez-zrak\/"},"wordCount":660,"publisher":{"@id":"https:\/\/i-vent.com\/si\/#organization"},"image":{"@id":"https:\/\/i-vent.com\/si\/novice\/adijo-plesen-dobrodosel-svez-zrak\/#primaryimage"},"thumbnailUrl":"https:\/\/i-vent.com\/si\/wp-content\/uploads\/2025\/09\/i-Vent-plesen-novica_v2-1.webp","keywords":["akcije","plesen","prezra\u010devanje","vlaga"],"articleSection":["Novice"],"inLanguage":"sl-SI"},{"@type":"WebPage","@id":"https:\/\/i-vent.com\/si\/novice\/adijo-plesen-dobrodosel-svez-zrak\/","url":"https:\/\/i-vent.com\/si\/novice\/adijo-plesen-dobrodosel-svez-zrak\/","name":"Adijo, plesen. Dobrodo\u0161el, sve\u017e zrak. - i-Vent.com","isPartOf":{"@id":"https:\/\/i-vent.com\/si\/#website"},"primaryImageOfPage":{"@id":"https:\/\/i-vent.com\/si\/novice\/adijo-plesen-dobrodosel-svez-zrak\/#primaryimage"},"image":{"@id":"https:\/\/i-vent.com\/si\/novice\/adijo-plesen-dobrodosel-svez-zrak\/#primaryimage"},"thumbnailUrl":"https:\/\/i-vent.com\/si\/wp-content\/uploads\/2025\/09\/i-Vent-plesen-novica_v2-1.webp","datePublished":"2025-09-17T05:03:55+00:00","dateModified":"2026-02-19T06:26:06+00:00","breadcrumb":{"@id":"https:\/\/i-vent.com\/si\/novice\/adijo-plesen-dobrodosel-svez-zrak\/#breadcrumb"},"inLanguage":"sl-SI","potentialAction":[{"@type":"ReadAction","target":["https:\/\/i-vent.com\/si\/novice\/adijo-plesen-dobrodosel-svez-zrak\/"]}]},{"@type":"ImageObject","inLanguage":"sl-SI","@id":"https:\/\/i-vent.com\/si\/novice\/adijo-plesen-dobrodosel-svez-zrak\/#primaryimage","url":"https:\/\/i-vent.com\/si\/wp-content\/uploads\/2025\/09\/i-Vent-plesen-novica_v2-1.webp","contentUrl":"https:\/\/i-vent.com\/si\/wp-content\/uploads\/2025\/09\/i-Vent-plesen-novica_v2-1.webp","width":1024,"height":576,"caption":"i-Vent monta\u017ea"},{"@type":"BreadcrumbList","@id":"https:\/\/i-vent.com\/si\/novice\/adijo-plesen-dobrodosel-svez-zrak\/#breadcrumb","itemListElement":[{"@type":"ListItem","position":1,"name":"Domov","item":"https:\/\/i-vent.com\/si\/"},{"@type":"ListItem","position":2,"name":"Adijo, plesen. Dobrodo\u0161el, sve\u017e zrak."}]},{"@type":"WebSite","@id":"https:\/\/i-vent.com\/si\/#website","url":"https:\/\/i-vent.com\/si\/","name":"i-Vent","description":"Specialisti za prezra\u010devanje","publisher":{"@id":"https:\/\/i-vent.com\/si\/#organization"},"alternateName":"i-Vent","potentialAction":[{"@type":"SearchAction","target":{"@type":"EntryPoint","urlTemplate":"https:\/\/i-vent.com\/si\/?s={search_term_string}"},"query-input":{"@type":"PropertyValueSpecification","valueRequired":true,"valueName":"search_term_string"}}],"inLanguage":"sl-SI"},{"@type":"Organization","@id":"https:\/\/i-vent.com\/si\/#organization","name":"i-Vent","alternateName":"i-Vent d.o.o.","url":"https:\/\/i-vent.com\/si\/","logo":{"@type":"ImageObject","inLanguage":"sl-SI","@id":"https:\/\/i-vent.com\/si\/#\/schema\/logo\/image\/","url":"https:\/\/i-vent.com\/si\/wp-content\/uploads\/2025\/03\/i-Vent_696x696.jpg","contentUrl":"https:\/\/i-vent.com\/si\/wp-content\/uploads\/2025\/03\/i-Vent_696x696.jpg","width":696,"height":696,"caption":"i-Vent"},"image":{"@id":"https:\/\/i-vent.com\/si\/#\/schema\/logo\/image\/"},"sameAs":["https:\/\/www.facebook.com\/iVent.slovenija\/"]},{"@type":"Person","@id":"https:\/\/i-vent.com\/si\/#\/schema\/person\/67bf2a2b2f68c947ac000d62052d075f","name":"\u0160pela","image":{"@type":"ImageObject","inLanguage":"sl-SI","@id":"https:\/\/i-vent.com\/si\/#\/schema\/person\/image\/","url":"https:\/\/i-vent.com\/si\/wp-content\/litespeed\/avatar\/a75cd71c97d80944a02928bfead600e5.jpg?ver=1777145982","contentUrl":"https:\/\/i-vent.com\/si\/wp-content\/litespeed\/avatar\/a75cd71c97d80944a02928bfead600e5.jpg?ver=1777145982","caption":"\u0160pela"},"url":"https:\/\/i-vent.com\/si\/author\/spela-golobnaveza-com\/"}]}},"_links":{"self":[{"href":"https:\/\/i-vent.com\/si\/wp-json\/wp\/v2\/posts\/30679","targetHints":{"allow":["GET"]}}],"collection":[{"href":"https:\/\/i-vent.com\/si\/wp-json\/wp\/v2\/posts"}],"about":[{"href":"https:\/\/i-vent.com\/si\/wp-json\/wp\/v2\/types\/post"}],"author":[{"embeddable":true,"href":"https:\/\/i-vent.com\/si\/wp-json\/wp\/v2\/users\/2"}],"replies":[{"embeddable":true,"href":"https:\/\/i-vent.com\/si\/wp-json\/wp\/v2\/comments?post=30679"}],"version-history":[{"count":0,"href":"https:\/\/i-vent.com\/si\/wp-json\/wp\/v2\/posts\/30679\/revisions"}],"wp:featuredmedia":[{"embeddable":true,"href":"https:\/\/i-vent.com\/si\/wp-json\/wp\/v2\/media\/30731"}],"wp:attachment":[{"href":"https:\/\/i-vent.com\/si\/wp-json\/wp\/v2\/media?parent=30679"}],"wp:term":[{"taxonomy":"category","embeddable":true,"href":"https:\/\/i-vent.com\/si\/wp-json\/wp\/v2\/categories?post=30679"},{"taxonomy":"post_tag","embeddable":true,"href":"https:\/\/i-vent.com\/si\/wp-json\/wp\/v2\/tags?post=30679"}],"curies":[{"name":"wp","href":"https:\/\/api.w.org\/{rel}","templated":true}]}}