{"id":30653,"date":"2025-09-16T07:00:36","date_gmt":"2025-09-16T05:00:36","guid":{"rendered":"https:\/\/i-vent.com\/si\/?p=30653"},"modified":"2026-02-19T07:26:27","modified_gmt":"2026-02-19T06:26:27","slug":"i-vent-tudi-letos-na-57-sejmu-mos","status":"publish","type":"post","link":"https:\/\/i-vent.com\/si\/novice\/i-vent-tudi-letos-na-57-sejmu-mos\/","title":{"rendered":"i-Vent tudi letos na 57. sejmu MOS"},"content":{"rendered":"<p>Podjetje i-Vent bo tudi letos prisotno na najve\u010djem poslovno-sejemskem dogodku v Sloveniji \u2013 MOS 2025, ki bo potekal v Celju od 17. do 21. septembra 2025.<\/p>\n<p>Na\u0161li nas boste v dvorani L (razstavni prostor 32), dobili pa boste veliko informacij in konkretnih nasvetov:<\/p>\n<ul>\n<li>o naprednih re\u0161itvah za prezra\u010devanje,<\/li>\n<li>o energetsko u\u010dinkovitih pametnih prezra\u010devalnih sistemih i-Vent,<\/li>\n<li>o prednostih sodobnega prezra\u010devanja za bolj zdravo in udobno bivanje.<\/li>\n<\/ul>\n<p>Sejem MOS je odli\u010dna prilo\u017enost, da se v \u017eivo sre\u010damo, odgovorimo na va\u0161a vpra\u0161anja in skupaj poi\u0161\u010demo najbolj\u0161o re\u0161itev za va\u0161 dom ali poslovni prostor.<\/p>\n<p>Vabljeni, da nas obi\u0161\u010dete in odkrijete, zakaj je i-Vent prava izbira za <a href=\"https:\/\/i-vent.com\/si\/novice\/adijo-plesen-dobrodosel-svez-zrak\/\">sve\u017e in zdrav zrak<\/a>!<\/p>\n<p><strong>Izkoristite veliki sejemski popust!<\/strong><\/p>\n<p>Ker verjamemo, da sve\u017e in \u010dist zrak ni noben luksuz, ampak osnova za zdrav in prijeten dom, smo za vas med 16. in 25. septembrom pripravili veliko sejemsko akcijo, v okviru katere vam je\u00a0<strong>pametni prezra\u010devalni sistem i-Vent na voljo do kar 70 % ceneje!*<\/strong><\/p>\n<p>Pametni prezra\u010devalni sistem i-Vent vam bo omogo\u010dil, da boste vsak dan prekipevali od energije, za\u017eiveli brez vlage in plesni ter dolgoro\u010dno poskrbeli za svoje zdravje in za zdravje svojega doma.<\/p>\n<p>Odlo\u010dite se za korak, ki bo spremenil va\u0161e bivanje na bolje \u2013 enkrat za vselej. i-Vent ni le \u0161e ena dodatna naprava, ampak dolgoro\u010dna nalo\u017eba v kakovost \u017eivljenja.<\/p>\n<p>*\u00a0<em>Ponudba zajema 40 % akcijskega popusta in do 30 % subvencije <a href=\"https:\/\/i-vent.com\/si\/subvencija-eko-sklada\/\">EKO sklada<\/a>.\u00a0<\/em>40-% popust velja samo za pametno prezra\u010devalno enoto i-Vent.<\/p>\n<p><em>Akcija velja od 16. do 25. 9. 2025.<\/em><\/p>\n","protected":false},"excerpt":{"rendered":"<p>Podjetje i-Vent bo tudi letos prisotno na najve\u010djem poslovno-sejemskem dogodku v Sloveniji \u2013 MOS 2025, ki bo potekal v Celju od 17. do 21. septembra 2025. Na\u0161li nas boste v dvorani L (razstavni prostor 32), dobili pa boste veliko informacij in&#8230;<\/p>\n","protected":false},"author":2,"featured_media":32097,"comment_status":"closed","ping_status":"closed","sticky":false,"template":"","format":"standard","meta":{"footnotes":""},"categories":[1],"tags":[221],"class_list":["post-30653","post","type-post","status-publish","format-standard","has-post-thumbnail","hentry","category-novice","tag-dogodki"],"yoast_head":"<!-- This site is optimized with the Yoast SEO plugin v27.1.1 - https:\/\/yoast.com\/product\/yoast-seo-wordpress\/ -->\n<title>i-Vent tudi letos na 57. sejmu MOS - i-Vent.com<\/title>\n<meta name=\"robots\" content=\"noindex, nofollow\" \/>\n<meta property=\"og:locale\" content=\"sl_SI\" \/>\n<meta property=\"og:type\" content=\"article\" \/>\n<meta property=\"og:title\" content=\"i-Vent tudi letos na 57. sejmu MOS - i-Vent.com\" \/>\n<meta property=\"og:description\" content=\"Podjetje i-Vent bo tudi letos prisotno na najve\u010djem poslovno-sejemskem dogodku v Sloveniji \u2013 MOS 2025, ki bo potekal v Celju od 17. do 21. septembra 2025. Na\u0161li nas boste v dvorani L (razstavni prostor 32), dobili pa boste veliko informacij in...\" \/>\n<meta property=\"og:url\" content=\"https:\/\/i-vent.com\/si\/novice\/i-vent-tudi-letos-na-57-sejmu-mos\/\" \/>\n<meta property=\"og:site_name\" content=\"i-Vent.com\" \/>\n<meta property=\"article:publisher\" content=\"https:\/\/www.facebook.com\/iVent.slovenija\/\" \/>\n<meta property=\"article:published_time\" content=\"2025-09-16T05:00:36+00:00\" \/>\n<meta property=\"article:modified_time\" content=\"2026-02-19T06:26:27+00:00\" \/>\n<meta property=\"og:image\" content=\"https:\/\/i-vent.com\/si\/wp-content\/uploads\/2025\/09\/i-Vent_sejem_MOS.webp\" \/>\n\t<meta property=\"og:image:width\" content=\"1125\" \/>\n\t<meta property=\"og:image:height\" content=\"744\" \/>\n\t<meta property=\"og:image:type\" content=\"image\/webp\" \/>\n<meta name=\"author\" content=\"\u0160pela\" \/>\n<meta name=\"twitter:card\" content=\"summary_large_image\" \/>\n<meta name=\"twitter:label1\" content=\"Written by\" \/>\n\t<meta name=\"twitter:data1\" content=\"\u0160pela\" \/>\n\t<meta name=\"twitter:label2\" content=\"Est. reading time\" \/>\n\t<meta name=\"twitter:data2\" content=\"2 minuti\" \/>\n<script type=\"application\/ld+json\" class=\"yoast-schema-graph\">{\"@context\":\"https:\/\/schema.org\",\"@graph\":[{\"@type\":\"Article\",\"@id\":\"https:\/\/i-vent.com\/si\/novice\/i-vent-tudi-letos-na-57-sejmu-mos\/#article\",\"isPartOf\":{\"@id\":\"https:\/\/i-vent.com\/si\/novice\/i-vent-tudi-letos-na-57-sejmu-mos\/\"},\"author\":{\"name\":\"\u0160pela\",\"@id\":\"https:\/\/i-vent.com\/si\/#\/schema\/person\/67bf2a2b2f68c947ac000d62052d075f\"},\"headline\":\"i-Vent tudi letos na 57. sejmu MOS\",\"datePublished\":\"2025-09-16T05:00:36+00:00\",\"dateModified\":\"2026-02-19T06:26:27+00:00\",\"mainEntityOfPage\":{\"@id\":\"https:\/\/i-vent.com\/si\/novice\/i-vent-tudi-letos-na-57-sejmu-mos\/\"},\"wordCount\":256,\"publisher\":{\"@id\":\"https:\/\/i-vent.com\/si\/#organization\"},\"image\":{\"@id\":\"https:\/\/i-vent.com\/si\/novice\/i-vent-tudi-letos-na-57-sejmu-mos\/#primaryimage\"},\"thumbnailUrl\":\"https:\/\/i-vent.com\/si\/wp-content\/uploads\/2025\/09\/i-Vent_sejem_MOS.webp\",\"keywords\":[\"dogodki\"],\"articleSection\":[\"Novice\"],\"inLanguage\":\"sl-SI\"},{\"@type\":\"WebPage\",\"@id\":\"https:\/\/i-vent.com\/si\/novice\/i-vent-tudi-letos-na-57-sejmu-mos\/\",\"url\":\"https:\/\/i-vent.com\/si\/novice\/i-vent-tudi-letos-na-57-sejmu-mos\/\",\"name\":\"i-Vent tudi letos na 57. sejmu MOS - i-Vent.com\",\"isPartOf\":{\"@id\":\"https:\/\/i-vent.com\/si\/#website\"},\"primaryImageOfPage\":{\"@id\":\"https:\/\/i-vent.com\/si\/novice\/i-vent-tudi-letos-na-57-sejmu-mos\/#primaryimage\"},\"image\":{\"@id\":\"https:\/\/i-vent.com\/si\/novice\/i-vent-tudi-letos-na-57-sejmu-mos\/#primaryimage\"},\"thumbnailUrl\":\"https:\/\/i-vent.com\/si\/wp-content\/uploads\/2025\/09\/i-Vent_sejem_MOS.webp\",\"datePublished\":\"2025-09-16T05:00:36+00:00\",\"dateModified\":\"2026-02-19T06:26:27+00:00\",\"breadcrumb\":{\"@id\":\"https:\/\/i-vent.com\/si\/novice\/i-vent-tudi-letos-na-57-sejmu-mos\/#breadcrumb\"},\"inLanguage\":\"sl-SI\",\"potentialAction\":[{\"@type\":\"ReadAction\",\"target\":[\"https:\/\/i-vent.com\/si\/novice\/i-vent-tudi-letos-na-57-sejmu-mos\/\"]}]},{\"@type\":\"ImageObject\",\"inLanguage\":\"sl-SI\",\"@id\":\"https:\/\/i-vent.com\/si\/novice\/i-vent-tudi-letos-na-57-sejmu-mos\/#primaryimage\",\"url\":\"https:\/\/i-vent.com\/si\/wp-content\/uploads\/2025\/09\/i-Vent_sejem_MOS.webp\",\"contentUrl\":\"https:\/\/i-vent.com\/si\/wp-content\/uploads\/2025\/09\/i-Vent_sejem_MOS.webp\",\"width\":1125,\"height\":744,\"caption\":\"i-Vent sejem MOS\"},{\"@type\":\"BreadcrumbList\",\"@id\":\"https:\/\/i-vent.com\/si\/novice\/i-vent-tudi-letos-na-57-sejmu-mos\/#breadcrumb\",\"itemListElement\":[{\"@type\":\"ListItem\",\"position\":1,\"name\":\"Domov\",\"item\":\"https:\/\/i-vent.com\/si\/\"},{\"@type\":\"ListItem\",\"position\":2,\"name\":\"i-Vent tudi letos na 57. sejmu MOS\"}]},{\"@type\":\"WebSite\",\"@id\":\"https:\/\/i-vent.com\/si\/#website\",\"url\":\"https:\/\/i-vent.com\/si\/\",\"name\":\"i-Vent\",\"description\":\"Specialisti za prezra\u010devanje\",\"publisher\":{\"@id\":\"https:\/\/i-vent.com\/si\/#organization\"},\"alternateName\":\"i-Vent\",\"potentialAction\":[{\"@type\":\"SearchAction\",\"target\":{\"@type\":\"EntryPoint\",\"urlTemplate\":\"https:\/\/i-vent.com\/si\/?s={search_term_string}\"},\"query-input\":{\"@type\":\"PropertyValueSpecification\",\"valueRequired\":true,\"valueName\":\"search_term_string\"}}],\"inLanguage\":\"sl-SI\"},{\"@type\":\"Organization\",\"@id\":\"https:\/\/i-vent.com\/si\/#organization\",\"name\":\"i-Vent\",\"alternateName\":\"i-Vent d.o.o.\",\"url\":\"https:\/\/i-vent.com\/si\/\",\"logo\":{\"@type\":\"ImageObject\",\"inLanguage\":\"sl-SI\",\"@id\":\"https:\/\/i-vent.com\/si\/#\/schema\/logo\/image\/\",\"url\":\"https:\/\/i-vent.com\/si\/wp-content\/uploads\/2025\/03\/i-Vent_696x696.jpg\",\"contentUrl\":\"https:\/\/i-vent.com\/si\/wp-content\/uploads\/2025\/03\/i-Vent_696x696.jpg\",\"width\":696,\"height\":696,\"caption\":\"i-Vent\"},\"image\":{\"@id\":\"https:\/\/i-vent.com\/si\/#\/schema\/logo\/image\/\"},\"sameAs\":[\"https:\/\/www.facebook.com\/iVent.slovenija\/\"]},{\"@type\":\"Person\",\"@id\":\"https:\/\/i-vent.com\/si\/#\/schema\/person\/67bf2a2b2f68c947ac000d62052d075f\",\"name\":\"\u0160pela\",\"image\":{\"@type\":\"ImageObject\",\"inLanguage\":\"sl-SI\",\"@id\":\"https:\/\/i-vent.com\/si\/#\/schema\/person\/image\/\",\"url\":\"https:\/\/i-vent.com\/si\/wp-content\/litespeed\/avatar\/a75cd71c97d80944a02928bfead600e5.jpg?ver=1777145982\",\"contentUrl\":\"https:\/\/i-vent.com\/si\/wp-content\/litespeed\/avatar\/a75cd71c97d80944a02928bfead600e5.jpg?ver=1777145982\",\"caption\":\"\u0160pela\"},\"url\":\"https:\/\/i-vent.com\/si\/author\/spela-golobnaveza-com\/\"}]}<\/script>\n<!-- \/ Yoast SEO plugin. -->","yoast_head_json":{"title":"i-Vent tudi letos na 57. sejmu MOS - i-Vent.com","robots":{"index":"noindex","follow":"nofollow"},"og_locale":"sl_SI","og_type":"article","og_title":"i-Vent tudi letos na 57. sejmu MOS - i-Vent.com","og_description":"Podjetje i-Vent bo tudi letos prisotno na najve\u010djem poslovno-sejemskem dogodku v Sloveniji \u2013 MOS 2025, ki bo potekal v Celju od 17. do 21. septembra 2025. Na\u0161li nas boste v dvorani L (razstavni prostor 32), dobili pa boste veliko informacij in...","og_url":"https:\/\/i-vent.com\/si\/novice\/i-vent-tudi-letos-na-57-sejmu-mos\/","og_site_name":"i-Vent.com","article_publisher":"https:\/\/www.facebook.com\/iVent.slovenija\/","article_published_time":"2025-09-16T05:00:36+00:00","article_modified_time":"2026-02-19T06:26:27+00:00","og_image":[{"width":1125,"height":744,"url":"https:\/\/i-vent.com\/si\/wp-content\/uploads\/2025\/09\/i-Vent_sejem_MOS.webp","type":"image\/webp"}],"author":"\u0160pela","twitter_card":"summary_large_image","twitter_misc":{"Written by":"\u0160pela","Est. reading time":"2 minuti"},"schema":{"@context":"https:\/\/schema.org","@graph":[{"@type":"Article","@id":"https:\/\/i-vent.com\/si\/novice\/i-vent-tudi-letos-na-57-sejmu-mos\/#article","isPartOf":{"@id":"https:\/\/i-vent.com\/si\/novice\/i-vent-tudi-letos-na-57-sejmu-mos\/"},"author":{"name":"\u0160pela","@id":"https:\/\/i-vent.com\/si\/#\/schema\/person\/67bf2a2b2f68c947ac000d62052d075f"},"headline":"i-Vent tudi letos na 57. sejmu MOS","datePublished":"2025-09-16T05:00:36+00:00","dateModified":"2026-02-19T06:26:27+00:00","mainEntityOfPage":{"@id":"https:\/\/i-vent.com\/si\/novice\/i-vent-tudi-letos-na-57-sejmu-mos\/"},"wordCount":256,"publisher":{"@id":"https:\/\/i-vent.com\/si\/#organization"},"image":{"@id":"https:\/\/i-vent.com\/si\/novice\/i-vent-tudi-letos-na-57-sejmu-mos\/#primaryimage"},"thumbnailUrl":"https:\/\/i-vent.com\/si\/wp-content\/uploads\/2025\/09\/i-Vent_sejem_MOS.webp","keywords":["dogodki"],"articleSection":["Novice"],"inLanguage":"sl-SI"},{"@type":"WebPage","@id":"https:\/\/i-vent.com\/si\/novice\/i-vent-tudi-letos-na-57-sejmu-mos\/","url":"https:\/\/i-vent.com\/si\/novice\/i-vent-tudi-letos-na-57-sejmu-mos\/","name":"i-Vent tudi letos na 57. sejmu MOS - i-Vent.com","isPartOf":{"@id":"https:\/\/i-vent.com\/si\/#website"},"primaryImageOfPage":{"@id":"https:\/\/i-vent.com\/si\/novice\/i-vent-tudi-letos-na-57-sejmu-mos\/#primaryimage"},"image":{"@id":"https:\/\/i-vent.com\/si\/novice\/i-vent-tudi-letos-na-57-sejmu-mos\/#primaryimage"},"thumbnailUrl":"https:\/\/i-vent.com\/si\/wp-content\/uploads\/2025\/09\/i-Vent_sejem_MOS.webp","datePublished":"2025-09-16T05:00:36+00:00","dateModified":"2026-02-19T06:26:27+00:00","breadcrumb":{"@id":"https:\/\/i-vent.com\/si\/novice\/i-vent-tudi-letos-na-57-sejmu-mos\/#breadcrumb"},"inLanguage":"sl-SI","potentialAction":[{"@type":"ReadAction","target":["https:\/\/i-vent.com\/si\/novice\/i-vent-tudi-letos-na-57-sejmu-mos\/"]}]},{"@type":"ImageObject","inLanguage":"sl-SI","@id":"https:\/\/i-vent.com\/si\/novice\/i-vent-tudi-letos-na-57-sejmu-mos\/#primaryimage","url":"https:\/\/i-vent.com\/si\/wp-content\/uploads\/2025\/09\/i-Vent_sejem_MOS.webp","contentUrl":"https:\/\/i-vent.com\/si\/wp-content\/uploads\/2025\/09\/i-Vent_sejem_MOS.webp","width":1125,"height":744,"caption":"i-Vent sejem MOS"},{"@type":"BreadcrumbList","@id":"https:\/\/i-vent.com\/si\/novice\/i-vent-tudi-letos-na-57-sejmu-mos\/#breadcrumb","itemListElement":[{"@type":"ListItem","position":1,"name":"Domov","item":"https:\/\/i-vent.com\/si\/"},{"@type":"ListItem","position":2,"name":"i-Vent tudi letos na 57. sejmu MOS"}]},{"@type":"WebSite","@id":"https:\/\/i-vent.com\/si\/#website","url":"https:\/\/i-vent.com\/si\/","name":"i-Vent","description":"Specialisti za prezra\u010devanje","publisher":{"@id":"https:\/\/i-vent.com\/si\/#organization"},"alternateName":"i-Vent","potentialAction":[{"@type":"SearchAction","target":{"@type":"EntryPoint","urlTemplate":"https:\/\/i-vent.com\/si\/?s={search_term_string}"},"query-input":{"@type":"PropertyValueSpecification","valueRequired":true,"valueName":"search_term_string"}}],"inLanguage":"sl-SI"},{"@type":"Organization","@id":"https:\/\/i-vent.com\/si\/#organization","name":"i-Vent","alternateName":"i-Vent d.o.o.","url":"https:\/\/i-vent.com\/si\/","logo":{"@type":"ImageObject","inLanguage":"sl-SI","@id":"https:\/\/i-vent.com\/si\/#\/schema\/logo\/image\/","url":"https:\/\/i-vent.com\/si\/wp-content\/uploads\/2025\/03\/i-Vent_696x696.jpg","contentUrl":"https:\/\/i-vent.com\/si\/wp-content\/uploads\/2025\/03\/i-Vent_696x696.jpg","width":696,"height":696,"caption":"i-Vent"},"image":{"@id":"https:\/\/i-vent.com\/si\/#\/schema\/logo\/image\/"},"sameAs":["https:\/\/www.facebook.com\/iVent.slovenija\/"]},{"@type":"Person","@id":"https:\/\/i-vent.com\/si\/#\/schema\/person\/67bf2a2b2f68c947ac000d62052d075f","name":"\u0160pela","image":{"@type":"ImageObject","inLanguage":"sl-SI","@id":"https:\/\/i-vent.com\/si\/#\/schema\/person\/image\/","url":"https:\/\/i-vent.com\/si\/wp-content\/litespeed\/avatar\/a75cd71c97d80944a02928bfead600e5.jpg?ver=1777145982","contentUrl":"https:\/\/i-vent.com\/si\/wp-content\/litespeed\/avatar\/a75cd71c97d80944a02928bfead600e5.jpg?ver=1777145982","caption":"\u0160pela"},"url":"https:\/\/i-vent.com\/si\/author\/spela-golobnaveza-com\/"}]}},"_links":{"self":[{"href":"https:\/\/i-vent.com\/si\/wp-json\/wp\/v2\/posts\/30653","targetHints":{"allow":["GET"]}}],"collection":[{"href":"https:\/\/i-vent.com\/si\/wp-json\/wp\/v2\/posts"}],"about":[{"href":"https:\/\/i-vent.com\/si\/wp-json\/wp\/v2\/types\/post"}],"author":[{"embeddable":true,"href":"https:\/\/i-vent.com\/si\/wp-json\/wp\/v2\/users\/2"}],"replies":[{"embeddable":true,"href":"https:\/\/i-vent.com\/si\/wp-json\/wp\/v2\/comments?post=30653"}],"version-history":[{"count":0,"href":"https:\/\/i-vent.com\/si\/wp-json\/wp\/v2\/posts\/30653\/revisions"}],"wp:featuredmedia":[{"embeddable":true,"href":"https:\/\/i-vent.com\/si\/wp-json\/wp\/v2\/media\/32097"}],"wp:attachment":[{"href":"https:\/\/i-vent.com\/si\/wp-json\/wp\/v2\/media?parent=30653"}],"wp:term":[{"taxonomy":"category","embeddable":true,"href":"https:\/\/i-vent.com\/si\/wp-json\/wp\/v2\/categories?post=30653"},{"taxonomy":"post_tag","embeddable":true,"href":"https:\/\/i-vent.com\/si\/wp-json\/wp\/v2\/tags?post=30653"}],"curies":[{"name":"wp","href":"https:\/\/api.w.org\/{rel}","templated":true}]}}