{"id":24538,"date":"2025-02-26T09:27:47","date_gmt":"2025-02-26T08:27:47","guid":{"rendered":"https:\/\/i-vent.com\/si\/sveze\/1-kongres-energetsko-ucinkovitih-resitev\/"},"modified":"2025-12-12T08:13:57","modified_gmt":"2025-12-12T07:13:57","slug":"1-kongres-energetsko-ucinkovitih-resitev","status":"publish","type":"post","link":"https:\/\/i-vent.com\/si\/aktualno\/dogodki\/1-kongres-energetsko-ucinkovitih-resitev\/","title":{"rendered":"1. Kongres energetsko u\u010dinkovitih re\u0161itev"},"content":{"rendered":"<p>1. Kongres energetsko u\u010dinkovitih re\u0161itev 1. Kongres energetsko u\u010dinkovitih re\u0161itev 13 junij 2013 Dogodki Podjetje Lunos, v sodelovanju z Veleposlani\u0161tvom Republike Slovenije v Zagrebu, Poslovnim klubom slovensko hrva\u0161kih gospodarstvenikov in \u017eupanoma mesta Zagreb Milanom Bandi\u010dem ter mesta Maribor dr. Andrejem Fi\u0161travcem organizira 1. kongres energetsko u\u010dinkovitih re\u0161itev z imenom Modre re\u0161itve za zeleno prihodnost. V \u010detrtek, 13. junija 2013, ob 13. uri , se v hotelu International v Zagrebu, za\u010denja prvi kongres na temo energetskih re\u0161itev. Kongres organizira podjetje Lunos, katere predstavnika, generalni direktor Lunos Nem\u010dija gospod Andreas Lehmann in direktor Lunos Slovenija gospod Milan Kuster, bosta ob tej prilo\u017enosti podpisala pogodbo o generalnem zastopni\u0161tvu podjetja Lunos za podro\u010dje Republike Hrva\u0161ke. Sve\u010dan podpis pogodbe bo potekal v prisotnosti veleposlanika Slovenije na Hrva\u0161kem, njegove ekscelence gospoda Vojka Volka, \u017eupana mesta Maribor, gospoda Andreja Fi\u0161travca, gostitelja kongresa \u017eupana mesta Zagreba, gospoda Milan Bandi\u0107 in ob ostalih eminentnih gostih. Vabljeni na prvi kongres energetsko u\u010dinkovitih re\u0161itev! Splo\u0161ne informacije LOKACIJA: Kongres bo potekal v Hotelu International v Zagrebu DAN in URA: \u010detrtek, 13. junija 2013 med 13. in 16.30 uro KOTIZACIJA \u2013 udele\u017eba na dogodku je brezpla\u010dna INFORMACIJE: andreja.gros@lunos.si, 00386 31 337 240 Oglejte si kratki video &#8211; Predstavitev podjetja Lunos in vstop na hrva\u0161ki trg Program Program si lahko pogledate v priponki . Prenesi Predavatelji Na strokovnem delu kongresa bodo sodelovali: Energetsko var\u010dno prezra\u010devanje &#8211; sistemi Lunos, primeri dobre prakse v Nem\u010diji Andreas Lehmann, General Manager, LUNOS L\u00fcftungstechnik GmbH, Nem\u010dija Finan\u010dne spodbude Eko sklada, Slovenskega okoljskega javnega sklada Milenko Ziherl , direktor Eko sklada j.s. Slovenske izku\u0161nje na poti k skoraj ni\u010d energijskim hi\u0161am dr. Marjana \u0160ijanec Zavrl , u.d.i.g., Gradbeni in\u0161titut ZRMK Motivi za nizko energetsko gradnjo mag. Toni Lojen , direktor, LINGSTON d.o.o., svetovanje in in\u017eeniring Ekolo\u0161ko energijska hi\u0161a v Kokri Vlado Krajcar, arhitekt , Biro Krajcar arhitekti Poslovni objekt Kobra \u2013 \u00bbz inovativnimi re\u0161itvami do energetske samozadostnosti!\u00ab Andrej Pureber , univ.dipl.in\u017e.str., vodja energetike, PROTIM R\u017ei\u0161nik Perc arhitekti in in\u017eenirji, Slovenija Partnerji Prezentacije Posredujemo vam povezave do prezentacij, ki so bile predstavljene na kongresu: Error 1. Kongres energetsko u\u010dinkovitih re\u0161itev 1. Kongres energetsko u\u010dinkovitih re\u0161itev 1. Kongres energetsko u\u010dinkovitih re\u0161itev 1. Kongres energetsko u\u010dinkovitih re\u0161itev 1. Kongres energetsko u\u010dinkovitih re\u0161itev 1. Kongres energetsko u\u010dinkovitih re\u0161itev 1. Kongres energetsko u\u010dinkovitih re\u0161itev 1. Kongres energetsko u\u010dinkovitih re\u0161itev 1. Kongres energetsko u\u010dinkovitih re\u0161itev 1. Kongres energetsko u\u010dinkovitih re\u0161itev 1. Kongres energetsko u\u010dinkovitih re\u0161itev 1. Kongres energetsko u\u010dinkovitih re\u0161itev 1. Kongres energetsko u\u010dinkovitih re\u0161itev 1. Kongres energetsko u\u010dinkovitih re\u0161itev 1. Kongres energetsko u\u010dinkovitih re\u0161itev 1. Kongres energetsko u\u010dinkovitih re\u0161itev 1. Kongres energetsko u\u010dinkovitih re\u0161itev 1. Kongres energetsko u\u010dinkovitih re\u0161itev 1. Kongres energetsko u\u010dinkovitih re\u0161itev 1. Kongres energetsko u\u010dinkovitih re\u0161itev 1. Kongres energetsko u\u010dinkovitih re\u0161itev 1. Kongres energetsko u\u010dinkovitih re\u0161itev 1. Kongres energetsko u\u010dinkovitih re\u0161itev 1. Kongres energetsko u\u010dinkovitih re\u0161itev 1. Kongres energetsko u\u010dinkovitih re\u0161itev 1. Kongres energetsko u\u010dinkovitih re\u0161itev 1. Kongres energetsko u\u010dinkovitih re\u0161itev 1. Kongres energetsko u\u010dinkovitih re\u0161itev 1. Kongres energetsko u\u010dinkovitih re\u0161itev 1. Kongres energetsko u\u010dinkovitih re\u0161itev 1. Kongres energetsko u\u010dinkovitih re\u0161itev 1. Kongres energetsko u\u010dinkovitih re\u0161itev 1. Kongres energetsko u\u010dinkovitih re\u0161itev 1. Kongres energetsko u\u010dinkovitih re\u0161itev 1. Kongres energetsko u\u010dinkovitih re\u0161itev 1. Kongres energetsko u\u010dinkovitih re\u0161itev 1. Kongres energetsko u\u010dinkovitih re\u0161itev 1. Kongres energetsko u\u010dinkovitih re\u0161itev 1. Kongres energetsko u\u010dinkovitih re\u0161itev 1. Kongres energetsko u\u010dinkovitih re\u0161itev 1. Kongres energetsko u\u010dinkovitih re\u0161itev 1. Kongres energetsko u\u010dinkovitih re\u0161itev 1. Kongres energetsko u\u010dinkovitih re\u0161itev 1. Kongres energetsko u\u010dinkovitih re\u0161itev 1. Kongres energetsko u\u010dinkovitih re\u0161itev 1. Kongres energetsko u\u010dinkovitih re\u0161itev 1. Kongres energetsko u\u010dinkovitih re\u0161itev 1. Kongres energetsko u\u010dinkovitih re\u0161itev 1. Kongres energetsko u\u010dinkovitih re\u0161itev 1. Kongres energetsko u\u010dinkovitih re\u0161itev 1. Kongres energetsko u\u010dinkovitih re\u0161itev 1. Kongres energetsko u\u010dinkovitih re\u0161itev 1. Kongres energetsko u\u010dinkovitih re\u0161itev 1. Kongres energetsko u\u010dinkovitih re\u0161itev 1. Kongres energetsko u\u010dinkovitih re\u0161itev 1. Kongres energetsko u\u010dinkovitih re\u0161itev 1. Kongres energetsko u\u010dinkovitih re\u0161itev 1. Kongres energetsko u\u010dinkovitih re\u0161itev 1. Kongres energetsko u\u010dinkovitih re\u0161itev 1. Kongres energetsko u\u010dinkovitih re\u0161itev 1. Kongres energetsko u\u010dinkovitih re\u0161itev 1. Kongres energetsko u\u010dinkovitih re\u0161itev 1. Kongres energetsko u\u010dinkovitih re\u0161itev 1. Kongres energetsko u\u010dinkovitih re\u0161itev 1. Kongres energetsko u\u010dinkovitih re\u0161itev 1. Kongres energetsko u\u010dinkovitih re\u0161itev 1. Kongres energetsko u\u010dinkovitih re\u0161itev 1. Kongres energetsko u\u010dinkovitih re\u0161itev 1. Kongres energetsko u\u010dinkovitih re\u0161itev 1. Kongres energetsko u\u010dinkovitih re\u0161itev 1. Kongres energetsko u\u010dinkovitih re\u0161itev 1. Kongres energetsko u\u010dinkovitih re\u0161itev 1. Kongres energetsko u\u010dinkovitih re\u0161itev 1. Kongres energetsko u\u010dinkovitih re\u0161itev 1. Kongres energetsko u\u010dinkovitih re\u0161itev 1. Kongres energetsko u\u010dinkovitih re\u0161itev 1. Kongres energetsko u\u010dinkovitih re\u0161itev 1. Kongres energetsko u\u010dinkovitih re\u0161itev 1. Kongres energetsko u\u010dinkovitih re\u0161itev 1. Kongres energetsko u\u010dinkovitih re\u0161itev 1. Kongres energetsko u\u010dinkovitih re\u0161itev 1. Kongres energetsko u\u010dinkovitih re\u0161itev 1. Kongres energetsko u\u010dinkovitih re\u0161itev 1. Kongres energetsko u\u010dinkovitih re\u0161itev 1. Kongres energetsko u\u010dinkovitih re\u0161itev 1. Kongres energetsko u\u010dinkovitih re\u0161itev 1. Kongres energetsko u\u010dinkovitih re\u0161itev 1. Kongres energetsko u\u010dinkovitih re\u0161itev 1. Kongres energetsko u\u010dinkovitih re\u0161itev 1. Kongres energetsko u\u010dinkovitih re\u0161itev 1. Kongres energetsko u\u010dinkovitih re\u0161itev 1. Kongres energetsko u\u010dinkovitih re\u0161itev 1. Kongres energetsko u\u010dinkovitih re\u0161itev 1. Kongres energetsko u\u010dinkovitih re\u0161itev 1. Kongres energetsko u\u010dinkovitih re\u0161itev 1. Kongres energetsko u\u010dinkovitih re\u0161itev 1. Kongres energetsko u\u010dinkovitih re\u0161itev Ob\u010dutite sve\u017eino narave v svojem domu. Preberi ve\u010d Aktualno i-Vent prejemnik presti\u017ene nagrade Izbrana znamka zaupanja 2025 14 februar 2025 Novice Preberi ve\u010d Zima ni ovira za sve\u017e zrak: Pametno prezra\u010devanje za zdravo bivanje 19 december 2024 Novice Preberi ve\u010d Spletna okrogla miza Zelene celice 27 november 2024 Novice Preberi ve\u010d Slovenija v samem svetovnem vrhu po \u0161tevilu prezra\u010devalnih sistemov 28 oktober 2024 Novice Preberi ve\u010d Presti\u017ena nagrada za i-Vent 23 oktober 2024 Novice Preberi ve\u010d Tako kot diha \u010dlovek, mora dihati tudi hi\u0161a 18 oktober 2024 Novice Preberi ve\u010d novosti REFERENCE vizija podjetja<\/p>\n","protected":false},"excerpt":{"rendered":"<p>1. Kongres energetsko u\u010dinkovitih re\u0161itev 1. Kongres energetsko u\u010dinkovitih re\u0161itev 13 junij 2013 Dogodki Podjetje Lunos, v sodelovanju z Veleposlani\u0161tvom Republike Slovenije v Zagrebu, Poslovnim klubom slovensko hrva\u0161kih gospodarstvenikov in \u017eupanoma mesta Zagreb Milanom Bandi\u010dem ter mesta Maribor dr. Andrejem Fi\u0161travcem&#8230;<\/p>\n","protected":false},"author":2,"featured_media":0,"comment_status":"closed","ping_status":"open","sticky":false,"template":"","format":"standard","meta":{"footnotes":""},"categories":[89,93],"tags":[221],"class_list":["post-24538","post","type-post","status-publish","format-standard","hentry","category-aktualno","category-dogodki","tag-dogodki"],"yoast_head":"<!-- This site is optimized with the Yoast SEO plugin v27.1.1 - https:\/\/yoast.com\/product\/yoast-seo-wordpress\/ -->\n<title>1. Kongres energetsko u\u010dinkovitih re\u0161itev - i-Vent.com<\/title>\n<meta name=\"robots\" content=\"index, follow, max-snippet:-1, max-image-preview:large, max-video-preview:-1\" \/>\n<link rel=\"canonical\" href=\"https:\/\/i-vent.com\/si\/aktualno\/dogodki\/1-kongres-energetsko-ucinkovitih-resitev\/\" \/>\n<meta property=\"og:locale\" content=\"sl_SI\" \/>\n<meta property=\"og:type\" content=\"article\" \/>\n<meta property=\"og:title\" content=\"1. Kongres energetsko u\u010dinkovitih re\u0161itev - i-Vent.com\" \/>\n<meta property=\"og:description\" content=\"1. Kongres energetsko u\u010dinkovitih re\u0161itev 1. Kongres energetsko u\u010dinkovitih re\u0161itev 13 junij 2013 Dogodki Podjetje Lunos, v sodelovanju z Veleposlani\u0161tvom Republike Slovenije v Zagrebu, Poslovnim klubom slovensko hrva\u0161kih gospodarstvenikov in \u017eupanoma mesta Zagreb Milanom Bandi\u010dem ter mesta Maribor dr. Andrejem Fi\u0161travcem...\" \/>\n<meta property=\"og:url\" content=\"https:\/\/i-vent.com\/si\/aktualno\/dogodki\/1-kongres-energetsko-ucinkovitih-resitev\/\" \/>\n<meta property=\"og:site_name\" content=\"i-Vent.com\" \/>\n<meta property=\"article:publisher\" content=\"https:\/\/www.facebook.com\/iVent.slovenija\/\" \/>\n<meta property=\"article:published_time\" content=\"2025-02-26T08:27:47+00:00\" \/>\n<meta property=\"article:modified_time\" content=\"2025-12-12T07:13:57+00:00\" \/>\n<meta property=\"og:image\" content=\"https:\/\/i-vent.com\/si\/wp-content\/uploads\/2025\/03\/i-vent_og.jpg\" \/>\n\t<meta property=\"og:image:width\" content=\"1200\" \/>\n\t<meta property=\"og:image:height\" content=\"630\" \/>\n\t<meta property=\"og:image:type\" content=\"image\/jpeg\" \/>\n<meta name=\"author\" content=\"\u0160pela\" \/>\n<meta name=\"twitter:card\" content=\"summary_large_image\" \/>\n<meta name=\"twitter:label1\" content=\"Written by\" \/>\n\t<meta name=\"twitter:data1\" content=\"\u0160pela\" \/>\n\t<meta name=\"twitter:label2\" content=\"Est. reading time\" \/>\n\t<meta name=\"twitter:data2\" content=\"5 minut\" \/>\n<script type=\"application\/ld+json\" class=\"yoast-schema-graph\">{\"@context\":\"https:\/\/schema.org\",\"@graph\":[{\"@type\":\"Article\",\"@id\":\"https:\/\/i-vent.com\/si\/aktualno\/dogodki\/1-kongres-energetsko-ucinkovitih-resitev\/#article\",\"isPartOf\":{\"@id\":\"https:\/\/i-vent.com\/si\/aktualno\/dogodki\/1-kongres-energetsko-ucinkovitih-resitev\/\"},\"author\":{\"name\":\"\u0160pela\",\"@id\":\"https:\/\/i-vent.com\/si\/#\/schema\/person\/67bf2a2b2f68c947ac000d62052d075f\"},\"headline\":\"1. Kongres energetsko u\u010dinkovitih re\u0161itev\",\"datePublished\":\"2025-02-26T08:27:47+00:00\",\"dateModified\":\"2025-12-12T07:13:57+00:00\",\"mainEntityOfPage\":{\"@id\":\"https:\/\/i-vent.com\/si\/aktualno\/dogodki\/1-kongres-energetsko-ucinkovitih-resitev\/\"},\"wordCount\":1040,\"publisher\":{\"@id\":\"https:\/\/i-vent.com\/si\/#organization\"},\"keywords\":[\"dogodki\"],\"articleSection\":[\"Aktualno\",\"Dogodki\"],\"inLanguage\":\"sl-SI\"},{\"@type\":\"WebPage\",\"@id\":\"https:\/\/i-vent.com\/si\/aktualno\/dogodki\/1-kongres-energetsko-ucinkovitih-resitev\/\",\"url\":\"https:\/\/i-vent.com\/si\/aktualno\/dogodki\/1-kongres-energetsko-ucinkovitih-resitev\/\",\"name\":\"1. Kongres energetsko u\u010dinkovitih re\u0161itev - i-Vent.com\",\"isPartOf\":{\"@id\":\"https:\/\/i-vent.com\/si\/#website\"},\"datePublished\":\"2025-02-26T08:27:47+00:00\",\"dateModified\":\"2025-12-12T07:13:57+00:00\",\"breadcrumb\":{\"@id\":\"https:\/\/i-vent.com\/si\/aktualno\/dogodki\/1-kongres-energetsko-ucinkovitih-resitev\/#breadcrumb\"},\"inLanguage\":\"sl-SI\",\"potentialAction\":[{\"@type\":\"ReadAction\",\"target\":[\"https:\/\/i-vent.com\/si\/aktualno\/dogodki\/1-kongres-energetsko-ucinkovitih-resitev\/\"]}]},{\"@type\":\"BreadcrumbList\",\"@id\":\"https:\/\/i-vent.com\/si\/aktualno\/dogodki\/1-kongres-energetsko-ucinkovitih-resitev\/#breadcrumb\",\"itemListElement\":[{\"@type\":\"ListItem\",\"position\":1,\"name\":\"Domov\",\"item\":\"https:\/\/i-vent.com\/si\/\"},{\"@type\":\"ListItem\",\"position\":2,\"name\":\"1. Kongres energetsko u\u010dinkovitih re\u0161itev\"}]},{\"@type\":\"WebSite\",\"@id\":\"https:\/\/i-vent.com\/si\/#website\",\"url\":\"https:\/\/i-vent.com\/si\/\",\"name\":\"i-Vent\",\"description\":\"Specialisti za prezra\u010devanje\",\"publisher\":{\"@id\":\"https:\/\/i-vent.com\/si\/#organization\"},\"alternateName\":\"i-Vent\",\"potentialAction\":[{\"@type\":\"SearchAction\",\"target\":{\"@type\":\"EntryPoint\",\"urlTemplate\":\"https:\/\/i-vent.com\/si\/?s={search_term_string}\"},\"query-input\":{\"@type\":\"PropertyValueSpecification\",\"valueRequired\":true,\"valueName\":\"search_term_string\"}}],\"inLanguage\":\"sl-SI\"},{\"@type\":\"Organization\",\"@id\":\"https:\/\/i-vent.com\/si\/#organization\",\"name\":\"i-Vent\",\"alternateName\":\"i-Vent d.o.o.\",\"url\":\"https:\/\/i-vent.com\/si\/\",\"logo\":{\"@type\":\"ImageObject\",\"inLanguage\":\"sl-SI\",\"@id\":\"https:\/\/i-vent.com\/si\/#\/schema\/logo\/image\/\",\"url\":\"https:\/\/i-vent.com\/si\/wp-content\/uploads\/2025\/03\/i-Vent_696x696.jpg\",\"contentUrl\":\"https:\/\/i-vent.com\/si\/wp-content\/uploads\/2025\/03\/i-Vent_696x696.jpg\",\"width\":696,\"height\":696,\"caption\":\"i-Vent\"},\"image\":{\"@id\":\"https:\/\/i-vent.com\/si\/#\/schema\/logo\/image\/\"},\"sameAs\":[\"https:\/\/www.facebook.com\/iVent.slovenija\/\"]},{\"@type\":\"Person\",\"@id\":\"https:\/\/i-vent.com\/si\/#\/schema\/person\/67bf2a2b2f68c947ac000d62052d075f\",\"name\":\"\u0160pela\",\"image\":{\"@type\":\"ImageObject\",\"inLanguage\":\"sl-SI\",\"@id\":\"https:\/\/i-vent.com\/si\/#\/schema\/person\/image\/\",\"url\":\"https:\/\/i-vent.com\/si\/wp-content\/litespeed\/avatar\/a75cd71c97d80944a02928bfead600e5.jpg?ver=1777145982\",\"contentUrl\":\"https:\/\/i-vent.com\/si\/wp-content\/litespeed\/avatar\/a75cd71c97d80944a02928bfead600e5.jpg?ver=1777145982\",\"caption\":\"\u0160pela\"},\"url\":\"https:\/\/i-vent.com\/si\/author\/spela-golobnaveza-com\/\"}]}<\/script>\n<!-- \/ Yoast SEO plugin. -->","yoast_head_json":{"title":"1. Kongres energetsko u\u010dinkovitih re\u0161itev - i-Vent.com","robots":{"index":"index","follow":"follow","max-snippet":"max-snippet:-1","max-image-preview":"max-image-preview:large","max-video-preview":"max-video-preview:-1"},"canonical":"https:\/\/i-vent.com\/si\/aktualno\/dogodki\/1-kongres-energetsko-ucinkovitih-resitev\/","og_locale":"sl_SI","og_type":"article","og_title":"1. Kongres energetsko u\u010dinkovitih re\u0161itev - i-Vent.com","og_description":"1. Kongres energetsko u\u010dinkovitih re\u0161itev 1. Kongres energetsko u\u010dinkovitih re\u0161itev 13 junij 2013 Dogodki Podjetje Lunos, v sodelovanju z Veleposlani\u0161tvom Republike Slovenije v Zagrebu, Poslovnim klubom slovensko hrva\u0161kih gospodarstvenikov in \u017eupanoma mesta Zagreb Milanom Bandi\u010dem ter mesta Maribor dr. Andrejem Fi\u0161travcem...","og_url":"https:\/\/i-vent.com\/si\/aktualno\/dogodki\/1-kongres-energetsko-ucinkovitih-resitev\/","og_site_name":"i-Vent.com","article_publisher":"https:\/\/www.facebook.com\/iVent.slovenija\/","article_published_time":"2025-02-26T08:27:47+00:00","article_modified_time":"2025-12-12T07:13:57+00:00","og_image":[{"width":1200,"height":630,"url":"https:\/\/i-vent.com\/si\/wp-content\/uploads\/2025\/03\/i-vent_og.jpg","type":"image\/jpeg"}],"author":"\u0160pela","twitter_card":"summary_large_image","twitter_misc":{"Written by":"\u0160pela","Est. reading time":"5 minut"},"schema":{"@context":"https:\/\/schema.org","@graph":[{"@type":"Article","@id":"https:\/\/i-vent.com\/si\/aktualno\/dogodki\/1-kongres-energetsko-ucinkovitih-resitev\/#article","isPartOf":{"@id":"https:\/\/i-vent.com\/si\/aktualno\/dogodki\/1-kongres-energetsko-ucinkovitih-resitev\/"},"author":{"name":"\u0160pela","@id":"https:\/\/i-vent.com\/si\/#\/schema\/person\/67bf2a2b2f68c947ac000d62052d075f"},"headline":"1. Kongres energetsko u\u010dinkovitih re\u0161itev","datePublished":"2025-02-26T08:27:47+00:00","dateModified":"2025-12-12T07:13:57+00:00","mainEntityOfPage":{"@id":"https:\/\/i-vent.com\/si\/aktualno\/dogodki\/1-kongres-energetsko-ucinkovitih-resitev\/"},"wordCount":1040,"publisher":{"@id":"https:\/\/i-vent.com\/si\/#organization"},"keywords":["dogodki"],"articleSection":["Aktualno","Dogodki"],"inLanguage":"sl-SI"},{"@type":"WebPage","@id":"https:\/\/i-vent.com\/si\/aktualno\/dogodki\/1-kongres-energetsko-ucinkovitih-resitev\/","url":"https:\/\/i-vent.com\/si\/aktualno\/dogodki\/1-kongres-energetsko-ucinkovitih-resitev\/","name":"1. Kongres energetsko u\u010dinkovitih re\u0161itev - i-Vent.com","isPartOf":{"@id":"https:\/\/i-vent.com\/si\/#website"},"datePublished":"2025-02-26T08:27:47+00:00","dateModified":"2025-12-12T07:13:57+00:00","breadcrumb":{"@id":"https:\/\/i-vent.com\/si\/aktualno\/dogodki\/1-kongres-energetsko-ucinkovitih-resitev\/#breadcrumb"},"inLanguage":"sl-SI","potentialAction":[{"@type":"ReadAction","target":["https:\/\/i-vent.com\/si\/aktualno\/dogodki\/1-kongres-energetsko-ucinkovitih-resitev\/"]}]},{"@type":"BreadcrumbList","@id":"https:\/\/i-vent.com\/si\/aktualno\/dogodki\/1-kongres-energetsko-ucinkovitih-resitev\/#breadcrumb","itemListElement":[{"@type":"ListItem","position":1,"name":"Domov","item":"https:\/\/i-vent.com\/si\/"},{"@type":"ListItem","position":2,"name":"1. Kongres energetsko u\u010dinkovitih re\u0161itev"}]},{"@type":"WebSite","@id":"https:\/\/i-vent.com\/si\/#website","url":"https:\/\/i-vent.com\/si\/","name":"i-Vent","description":"Specialisti za prezra\u010devanje","publisher":{"@id":"https:\/\/i-vent.com\/si\/#organization"},"alternateName":"i-Vent","potentialAction":[{"@type":"SearchAction","target":{"@type":"EntryPoint","urlTemplate":"https:\/\/i-vent.com\/si\/?s={search_term_string}"},"query-input":{"@type":"PropertyValueSpecification","valueRequired":true,"valueName":"search_term_string"}}],"inLanguage":"sl-SI"},{"@type":"Organization","@id":"https:\/\/i-vent.com\/si\/#organization","name":"i-Vent","alternateName":"i-Vent d.o.o.","url":"https:\/\/i-vent.com\/si\/","logo":{"@type":"ImageObject","inLanguage":"sl-SI","@id":"https:\/\/i-vent.com\/si\/#\/schema\/logo\/image\/","url":"https:\/\/i-vent.com\/si\/wp-content\/uploads\/2025\/03\/i-Vent_696x696.jpg","contentUrl":"https:\/\/i-vent.com\/si\/wp-content\/uploads\/2025\/03\/i-Vent_696x696.jpg","width":696,"height":696,"caption":"i-Vent"},"image":{"@id":"https:\/\/i-vent.com\/si\/#\/schema\/logo\/image\/"},"sameAs":["https:\/\/www.facebook.com\/iVent.slovenija\/"]},{"@type":"Person","@id":"https:\/\/i-vent.com\/si\/#\/schema\/person\/67bf2a2b2f68c947ac000d62052d075f","name":"\u0160pela","image":{"@type":"ImageObject","inLanguage":"sl-SI","@id":"https:\/\/i-vent.com\/si\/#\/schema\/person\/image\/","url":"https:\/\/i-vent.com\/si\/wp-content\/litespeed\/avatar\/a75cd71c97d80944a02928bfead600e5.jpg?ver=1777145982","contentUrl":"https:\/\/i-vent.com\/si\/wp-content\/litespeed\/avatar\/a75cd71c97d80944a02928bfead600e5.jpg?ver=1777145982","caption":"\u0160pela"},"url":"https:\/\/i-vent.com\/si\/author\/spela-golobnaveza-com\/"}]}},"_links":{"self":[{"href":"https:\/\/i-vent.com\/si\/wp-json\/wp\/v2\/posts\/24538","targetHints":{"allow":["GET"]}}],"collection":[{"href":"https:\/\/i-vent.com\/si\/wp-json\/wp\/v2\/posts"}],"about":[{"href":"https:\/\/i-vent.com\/si\/wp-json\/wp\/v2\/types\/post"}],"author":[{"embeddable":true,"href":"https:\/\/i-vent.com\/si\/wp-json\/wp\/v2\/users\/2"}],"replies":[{"embeddable":true,"href":"https:\/\/i-vent.com\/si\/wp-json\/wp\/v2\/comments?post=24538"}],"version-history":[{"count":0,"href":"https:\/\/i-vent.com\/si\/wp-json\/wp\/v2\/posts\/24538\/revisions"}],"wp:attachment":[{"href":"https:\/\/i-vent.com\/si\/wp-json\/wp\/v2\/media?parent=24538"}],"wp:term":[{"taxonomy":"category","embeddable":true,"href":"https:\/\/i-vent.com\/si\/wp-json\/wp\/v2\/categories?post=24538"},{"taxonomy":"post_tag","embeddable":true,"href":"https:\/\/i-vent.com\/si\/wp-json\/wp\/v2\/tags?post=24538"}],"curies":[{"name":"wp","href":"https:\/\/api.w.org\/{rel}","templated":true}]}}