{"id":23085,"date":"2024-12-19T22:30:00","date_gmt":"2024-12-19T21:30:00","guid":{"rendered":"https:\/\/i-vent.com\/si\/?p=23085"},"modified":"2026-02-19T07:28:45","modified_gmt":"2026-02-19T06:28:45","slug":"zima-ni-ovira-za-svez-zrak-pametno-prezracevanje-za-zdravo-bivanje","status":"publish","type":"post","link":"https:\/\/i-vent.com\/si\/novice\/zima-ni-ovira-za-svez-zrak-pametno-prezracevanje-za-zdravo-bivanje\/","title":{"rendered":"Zima ni ovira za sve\u017e zrak: Pametno prezra\u010devanje za zdravo bivanje"},"content":{"rendered":"\r\n<p><strong>Po podatkih Evropske komisije naj bi Evropejci kar 90 % \u010dasa pre\u017eiveli v zaprtih prostorih, ena od njihovih zadnjih raziskav pa je pokazala, da je kakovost zraka v zaprtih prostorih ponekod lahko tudi do dvakrat slab\u0161a od zunanjega zraka. To \u0161e posebej velja za zimske mesece, ko svojih domov tudi ne zra\u010dimo tako pogosto kot sicer, saj v svoj dom spu\u0161\u010damo mraz in tako povzro\u010damo velike toplotne izgube.<\/strong><\/p>\r\n\r\n\r\n\r\n<h3 class=\"wp-block-heading\"><strong>Slaba kakovost zraka pomeni slabo po\u010dutje<\/strong><\/h3>\r\n\r\n\r\n\r\n\r\n\r\n<p>Ko je zrak v na\u0161ih domovih slab, to ne vpliva le na na\u0161e zdravje, ampak tudi na na\u0161e splo\u0161no po\u010dutje. Simptomi, kot so glavoboli, utrujenost, pomanjkanje energije, te\u017eave s spanjem in splo\u0161no slabo po\u010dutje, so pogosto povezani z nezadostno zra\u010denimi prostori. To pa pomeni, da je na\u0161a kakovost \u017eivljenja neposredno odvisna od kakovosti zraka, ki ga dihamo.<\/p>\r\n\r\n\r\n\r\n<p>\u010ce pa je zraku v na\u0161em domu dodana \u0161e visoka stopnja vlage, so tveganja \u0161e ve\u010dja. Vla\u017enost namre\u010d ni nevarna le za na\u0161 dom, temve\u010d vpliva tudi na na\u0161e zdravje \u2013 lahko povzro\u010di alergije, kroni\u010dni ka\u0161elj, te\u017eave z dihanjem, glavobole, pa tudi ob\u010dutek stiskanja v prsih. Visoka raven vlage je idealna podlaga za rast bakterij, virusov in alergenov, kar pa lahko vodi v huj\u0161e zdravstvene te\u017eave, kot je astma. Zato te te\u017eave ne smemo jemati z levo roko, ampak \u010dim prej ukrepati in poskrbeti za kakovosten zrak v svojem domu.<\/p>\r\n\r\n\r\n\r\n<h3 class=\"wp-block-heading\"><strong>Kako poskrbeti za sve\u017e zrak brez visokih energijskih izgub?<\/strong><\/h3>\r\n\r\n\r\n\r\n\r\n\r\n<p>Navkljub ni\u017ejim temperaturam je \u0161e vedno zelo pomembno, da svoje stanovanje \u010dim ve\u010dkrat temeljito prezra\u010dimo. Ampak ali je mogo\u010de v notranje prostore ves \u010das dovajati \u010dist in sve\u017e zrak, hkrati pa ne povzro\u010dati velikih energijskih izgub?<\/p>\r\n\r\n\r\n\r\n<p>Seveda! Z vgradnjo pametnega prezra\u010devalnega sistema bomo svojemu domu zagotovili sve\u017e in \u010dist zrak vse dni v letu. Prezra\u010devalni sistem bo poskrbel za samodejno odvajanje izrabljenega zraka z vsemi neprijetnimi vonjavami, odve\u010dno vlago in drugimi \u0161kodljivimi snovmi vred. Poleg tega bo z odvajanjem odve\u010dne vlage zagotovil tudi\u00a0primerno zdravo stanje zgradbe in klime ter prepre\u010dil nastanek plesni in ugodnih \u017eivljenjskih pogojev za pr\u0161ice ter prepih in vdor zunanjega hrupa ter prahu.\u00a0<\/p>\r\n\r\n\r\n\r\n<p>In kar je najbolj\u0161e \u2013 pametni prezra\u010devalni sistem i-Vent je primeren za vgradnjo tako v novogradnje kot tudi starej\u0161e objekte.<\/p>\r\n\r\n\r\n\r\n<figure class=\"wp-block-image\"><a href=\"https:\/\/i-vent.com\/si\/o-podjetju-i-vent\/kontakt\" target=\"_blank\" rel=\"noreferrer noopener\"><img decoding=\"async\" src=\"https:\/\/i-vent.com\/si\/images\/novice\/Zima-ni-ovira-za-svez-zrak\/najlepse-darilo-vasemu-domu-1176x680px-2.jpg\" alt=\"\" \/><\/a><\/figure>\r\n\r\n\r\n\r\n<h2 class=\"wp-block-heading\"><strong>Najlep\u0161e darilo va\u0161emu domu<\/strong><\/h2>\r\n\r\n\r\n\r\n\r\n\r\n<p>Tudi v podjetju i-Vent si \u017eelimo, da bi<em>\u00a0<\/em>\u010dim ve\u010d slovenskih domov za\u017eivelo v zdravih bivalnih pogojih ter vse leto dihalo \u010dist in sve\u017e zrak. Zato je zdaj pravi \u010das, da si tudi vi uresni\u010dite \u017eeljo po bolj\u0161ih in bolj zdravih bivalnih pogojih ter se pridru\u017eite ve\u010d kot 150.000 Slovencem in Slovenkam, ki \u017ee dihajo (naj)bolj\u0161i zrak.<\/p>\r\n\r\n\r\n\r\n<p>Sve\u017eina \u0161e nikoli ni bila tako dostopna kot prav v leto\u0161njem decembru, saj smo za vas\u00a0pripravili posebno akcijo, v kateri vam je pametni prezra\u010devalni sistem i-Vent na voljo do kar\u00a0<strong>70 % ceneje*<\/strong>.\u00a0<\/p>\r\n\r\n\r\n\r\n<p><em>*40 % popusta i-Vent + 30 % popusta Eko sklad. 40-% popust velja za pametno prezra\u010devalno enoto i-Vent. Na vse ostale prezra\u010devalne enote v na\u0161i ponudbi nudimo 20 % popusta.<\/em><\/p>\r\n\r\n\r\n\r\n<p><strong>Akcija velja od 1. do 31. 12. 2024.<\/strong><\/p>\r\n","protected":false},"excerpt":{"rendered":"<p>Po podatkih Evropske komisije naj bi Evropejci kar 90 % \u010dasa pre\u017eiveli v zaprtih prostorih, ena od njihovih zadnjih raziskav pa je pokazala, da je kakovost zraka v zaprtih prostorih ponekod lahko tudi do dvakrat slab\u0161a od zunanjega zraka. <\/p>\n","protected":false},"author":2,"featured_media":23086,"comment_status":"closed","ping_status":"closed","sticky":false,"template":"","format":"standard","meta":{"footnotes":""},"categories":[1],"tags":[219,225,230,226],"class_list":["post-23085","post","type-post","status-publish","format-standard","has-post-thumbnail","hentry","category-novice","tag-akcije","tag-prezracevanje","tag-rekuperacija","tag-vlaga"],"yoast_head":"<!-- This site is optimized with the Yoast SEO plugin v27.1.1 - https:\/\/yoast.com\/product\/yoast-seo-wordpress\/ -->\n<title>Zima ni ovira za sve\u017e zrak: Pametno prezra\u010devanje za zdravo bivanje - i-Vent.com<\/title>\n<meta name=\"robots\" content=\"noindex, nofollow\" \/>\n<meta property=\"og:locale\" content=\"sl_SI\" \/>\n<meta property=\"og:type\" content=\"article\" \/>\n<meta property=\"og:title\" content=\"Zima ni ovira za sve\u017e zrak: Pametno prezra\u010devanje za zdravo bivanje - i-Vent.com\" \/>\n<meta property=\"og:description\" content=\"Po podatkih Evropske komisije naj bi Evropejci kar 90 % \u010dasa pre\u017eiveli v zaprtih prostorih, ena od njihovih zadnjih raziskav pa je pokazala, da je kakovost zraka v zaprtih prostorih ponekod lahko tudi do dvakrat slab\u0161a od zunanjega zraka.\" \/>\n<meta property=\"og:url\" content=\"https:\/\/i-vent.com\/si\/novice\/zima-ni-ovira-za-svez-zrak-pametno-prezracevanje-za-zdravo-bivanje\/\" \/>\n<meta property=\"og:site_name\" content=\"i-Vent.com\" \/>\n<meta property=\"article:publisher\" content=\"https:\/\/www.facebook.com\/iVent.slovenija\/\" \/>\n<meta property=\"article:published_time\" content=\"2024-12-19T21:30:00+00:00\" \/>\n<meta property=\"article:modified_time\" content=\"2026-02-19T06:28:45+00:00\" \/>\n<meta property=\"og:image\" content=\"https:\/\/i-vent.com\/si\/wp-content\/uploads\/2025\/01\/najlepse-darilo-vasemu-domu-1176x680px-1.jpg\" \/>\n\t<meta property=\"og:image:width\" content=\"1176\" \/>\n\t<meta property=\"og:image:height\" content=\"680\" \/>\n\t<meta property=\"og:image:type\" content=\"image\/jpeg\" \/>\n<meta name=\"author\" content=\"\u0160pela\" \/>\n<meta name=\"twitter:card\" content=\"summary_large_image\" \/>\n<meta name=\"twitter:label1\" content=\"Written by\" \/>\n\t<meta name=\"twitter:data1\" content=\"\u0160pela\" \/>\n\t<meta name=\"twitter:label2\" content=\"Est. reading time\" \/>\n\t<meta name=\"twitter:data2\" content=\"4 minute\" \/>\n<script type=\"application\/ld+json\" class=\"yoast-schema-graph\">{\"@context\":\"https:\/\/schema.org\",\"@graph\":[{\"@type\":\"Article\",\"@id\":\"https:\/\/i-vent.com\/si\/novice\/zima-ni-ovira-za-svez-zrak-pametno-prezracevanje-za-zdravo-bivanje\/#article\",\"isPartOf\":{\"@id\":\"https:\/\/i-vent.com\/si\/novice\/zima-ni-ovira-za-svez-zrak-pametno-prezracevanje-za-zdravo-bivanje\/\"},\"author\":{\"name\":\"\u0160pela\",\"@id\":\"https:\/\/i-vent.com\/si\/#\/schema\/person\/67bf2a2b2f68c947ac000d62052d075f\"},\"headline\":\"Zima ni ovira za sve\u017e zrak: Pametno prezra\u010devanje za zdravo bivanje\",\"datePublished\":\"2024-12-19T21:30:00+00:00\",\"dateModified\":\"2026-02-19T06:28:45+00:00\",\"mainEntityOfPage\":{\"@id\":\"https:\/\/i-vent.com\/si\/novice\/zima-ni-ovira-za-svez-zrak-pametno-prezracevanje-za-zdravo-bivanje\/\"},\"wordCount\":540,\"publisher\":{\"@id\":\"https:\/\/i-vent.com\/si\/#organization\"},\"image\":{\"@id\":\"https:\/\/i-vent.com\/si\/novice\/zima-ni-ovira-za-svez-zrak-pametno-prezracevanje-za-zdravo-bivanje\/#primaryimage\"},\"thumbnailUrl\":\"https:\/\/i-vent.com\/si\/wp-content\/uploads\/2025\/01\/najlepse-darilo-vasemu-domu-1176x680px-1.jpg\",\"keywords\":[\"akcije\",\"prezra\u010devanje\",\"rekuperacija\",\"vlaga\"],\"articleSection\":[\"Novice\"],\"inLanguage\":\"sl-SI\"},{\"@type\":\"WebPage\",\"@id\":\"https:\/\/i-vent.com\/si\/novice\/zima-ni-ovira-za-svez-zrak-pametno-prezracevanje-za-zdravo-bivanje\/\",\"url\":\"https:\/\/i-vent.com\/si\/novice\/zima-ni-ovira-za-svez-zrak-pametno-prezracevanje-za-zdravo-bivanje\/\",\"name\":\"Zima ni ovira za sve\u017e zrak: Pametno prezra\u010devanje za zdravo bivanje - i-Vent.com\",\"isPartOf\":{\"@id\":\"https:\/\/i-vent.com\/si\/#website\"},\"primaryImageOfPage\":{\"@id\":\"https:\/\/i-vent.com\/si\/novice\/zima-ni-ovira-za-svez-zrak-pametno-prezracevanje-za-zdravo-bivanje\/#primaryimage\"},\"image\":{\"@id\":\"https:\/\/i-vent.com\/si\/novice\/zima-ni-ovira-za-svez-zrak-pametno-prezracevanje-za-zdravo-bivanje\/#primaryimage\"},\"thumbnailUrl\":\"https:\/\/i-vent.com\/si\/wp-content\/uploads\/2025\/01\/najlepse-darilo-vasemu-domu-1176x680px-1.jpg\",\"datePublished\":\"2024-12-19T21:30:00+00:00\",\"dateModified\":\"2026-02-19T06:28:45+00:00\",\"breadcrumb\":{\"@id\":\"https:\/\/i-vent.com\/si\/novice\/zima-ni-ovira-za-svez-zrak-pametno-prezracevanje-za-zdravo-bivanje\/#breadcrumb\"},\"inLanguage\":\"sl-SI\",\"potentialAction\":[{\"@type\":\"ReadAction\",\"target\":[\"https:\/\/i-vent.com\/si\/novice\/zima-ni-ovira-za-svez-zrak-pametno-prezracevanje-za-zdravo-bivanje\/\"]}]},{\"@type\":\"ImageObject\",\"inLanguage\":\"sl-SI\",\"@id\":\"https:\/\/i-vent.com\/si\/novice\/zima-ni-ovira-za-svez-zrak-pametno-prezracevanje-za-zdravo-bivanje\/#primaryimage\",\"url\":\"https:\/\/i-vent.com\/si\/wp-content\/uploads\/2025\/01\/najlepse-darilo-vasemu-domu-1176x680px-1.jpg\",\"contentUrl\":\"https:\/\/i-vent.com\/si\/wp-content\/uploads\/2025\/01\/najlepse-darilo-vasemu-domu-1176x680px-1.jpg\",\"width\":1176,\"height\":680},{\"@type\":\"BreadcrumbList\",\"@id\":\"https:\/\/i-vent.com\/si\/novice\/zima-ni-ovira-za-svez-zrak-pametno-prezracevanje-za-zdravo-bivanje\/#breadcrumb\",\"itemListElement\":[{\"@type\":\"ListItem\",\"position\":1,\"name\":\"Domov\",\"item\":\"https:\/\/i-vent.com\/si\/\"},{\"@type\":\"ListItem\",\"position\":2,\"name\":\"Zima ni ovira za sve\u017e zrak: Pametno prezra\u010devanje za zdravo bivanje\"}]},{\"@type\":\"WebSite\",\"@id\":\"https:\/\/i-vent.com\/si\/#website\",\"url\":\"https:\/\/i-vent.com\/si\/\",\"name\":\"i-Vent\",\"description\":\"Specialisti za prezra\u010devanje\",\"publisher\":{\"@id\":\"https:\/\/i-vent.com\/si\/#organization\"},\"alternateName\":\"i-Vent\",\"potentialAction\":[{\"@type\":\"SearchAction\",\"target\":{\"@type\":\"EntryPoint\",\"urlTemplate\":\"https:\/\/i-vent.com\/si\/?s={search_term_string}\"},\"query-input\":{\"@type\":\"PropertyValueSpecification\",\"valueRequired\":true,\"valueName\":\"search_term_string\"}}],\"inLanguage\":\"sl-SI\"},{\"@type\":\"Organization\",\"@id\":\"https:\/\/i-vent.com\/si\/#organization\",\"name\":\"i-Vent\",\"alternateName\":\"i-Vent d.o.o.\",\"url\":\"https:\/\/i-vent.com\/si\/\",\"logo\":{\"@type\":\"ImageObject\",\"inLanguage\":\"sl-SI\",\"@id\":\"https:\/\/i-vent.com\/si\/#\/schema\/logo\/image\/\",\"url\":\"https:\/\/i-vent.com\/si\/wp-content\/uploads\/2025\/03\/i-Vent_696x696.jpg\",\"contentUrl\":\"https:\/\/i-vent.com\/si\/wp-content\/uploads\/2025\/03\/i-Vent_696x696.jpg\",\"width\":696,\"height\":696,\"caption\":\"i-Vent\"},\"image\":{\"@id\":\"https:\/\/i-vent.com\/si\/#\/schema\/logo\/image\/\"},\"sameAs\":[\"https:\/\/www.facebook.com\/iVent.slovenija\/\"]},{\"@type\":\"Person\",\"@id\":\"https:\/\/i-vent.com\/si\/#\/schema\/person\/67bf2a2b2f68c947ac000d62052d075f\",\"name\":\"\u0160pela\",\"image\":{\"@type\":\"ImageObject\",\"inLanguage\":\"sl-SI\",\"@id\":\"https:\/\/i-vent.com\/si\/#\/schema\/person\/image\/\",\"url\":\"https:\/\/i-vent.com\/si\/wp-content\/litespeed\/avatar\/a75cd71c97d80944a02928bfead600e5.jpg?ver=1777145982\",\"contentUrl\":\"https:\/\/i-vent.com\/si\/wp-content\/litespeed\/avatar\/a75cd71c97d80944a02928bfead600e5.jpg?ver=1777145982\",\"caption\":\"\u0160pela\"},\"url\":\"https:\/\/i-vent.com\/si\/author\/spela-golobnaveza-com\/\"}]}<\/script>\n<!-- \/ Yoast SEO plugin. -->","yoast_head_json":{"title":"Zima ni ovira za sve\u017e zrak: Pametno prezra\u010devanje za zdravo bivanje - i-Vent.com","robots":{"index":"noindex","follow":"nofollow"},"og_locale":"sl_SI","og_type":"article","og_title":"Zima ni ovira za sve\u017e zrak: Pametno prezra\u010devanje za zdravo bivanje - i-Vent.com","og_description":"Po podatkih Evropske komisije naj bi Evropejci kar 90 % \u010dasa pre\u017eiveli v zaprtih prostorih, ena od njihovih zadnjih raziskav pa je pokazala, da je kakovost zraka v zaprtih prostorih ponekod lahko tudi do dvakrat slab\u0161a od zunanjega zraka.","og_url":"https:\/\/i-vent.com\/si\/novice\/zima-ni-ovira-za-svez-zrak-pametno-prezracevanje-za-zdravo-bivanje\/","og_site_name":"i-Vent.com","article_publisher":"https:\/\/www.facebook.com\/iVent.slovenija\/","article_published_time":"2024-12-19T21:30:00+00:00","article_modified_time":"2026-02-19T06:28:45+00:00","og_image":[{"width":1176,"height":680,"url":"https:\/\/i-vent.com\/si\/wp-content\/uploads\/2025\/01\/najlepse-darilo-vasemu-domu-1176x680px-1.jpg","type":"image\/jpeg"}],"author":"\u0160pela","twitter_card":"summary_large_image","twitter_misc":{"Written by":"\u0160pela","Est. reading time":"4 minute"},"schema":{"@context":"https:\/\/schema.org","@graph":[{"@type":"Article","@id":"https:\/\/i-vent.com\/si\/novice\/zima-ni-ovira-za-svez-zrak-pametno-prezracevanje-za-zdravo-bivanje\/#article","isPartOf":{"@id":"https:\/\/i-vent.com\/si\/novice\/zima-ni-ovira-za-svez-zrak-pametno-prezracevanje-za-zdravo-bivanje\/"},"author":{"name":"\u0160pela","@id":"https:\/\/i-vent.com\/si\/#\/schema\/person\/67bf2a2b2f68c947ac000d62052d075f"},"headline":"Zima ni ovira za sve\u017e zrak: Pametno prezra\u010devanje za zdravo bivanje","datePublished":"2024-12-19T21:30:00+00:00","dateModified":"2026-02-19T06:28:45+00:00","mainEntityOfPage":{"@id":"https:\/\/i-vent.com\/si\/novice\/zima-ni-ovira-za-svez-zrak-pametno-prezracevanje-za-zdravo-bivanje\/"},"wordCount":540,"publisher":{"@id":"https:\/\/i-vent.com\/si\/#organization"},"image":{"@id":"https:\/\/i-vent.com\/si\/novice\/zima-ni-ovira-za-svez-zrak-pametno-prezracevanje-za-zdravo-bivanje\/#primaryimage"},"thumbnailUrl":"https:\/\/i-vent.com\/si\/wp-content\/uploads\/2025\/01\/najlepse-darilo-vasemu-domu-1176x680px-1.jpg","keywords":["akcije","prezra\u010devanje","rekuperacija","vlaga"],"articleSection":["Novice"],"inLanguage":"sl-SI"},{"@type":"WebPage","@id":"https:\/\/i-vent.com\/si\/novice\/zima-ni-ovira-za-svez-zrak-pametno-prezracevanje-za-zdravo-bivanje\/","url":"https:\/\/i-vent.com\/si\/novice\/zima-ni-ovira-za-svez-zrak-pametno-prezracevanje-za-zdravo-bivanje\/","name":"Zima ni ovira za sve\u017e zrak: Pametno prezra\u010devanje za zdravo bivanje - i-Vent.com","isPartOf":{"@id":"https:\/\/i-vent.com\/si\/#website"},"primaryImageOfPage":{"@id":"https:\/\/i-vent.com\/si\/novice\/zima-ni-ovira-za-svez-zrak-pametno-prezracevanje-za-zdravo-bivanje\/#primaryimage"},"image":{"@id":"https:\/\/i-vent.com\/si\/novice\/zima-ni-ovira-za-svez-zrak-pametno-prezracevanje-za-zdravo-bivanje\/#primaryimage"},"thumbnailUrl":"https:\/\/i-vent.com\/si\/wp-content\/uploads\/2025\/01\/najlepse-darilo-vasemu-domu-1176x680px-1.jpg","datePublished":"2024-12-19T21:30:00+00:00","dateModified":"2026-02-19T06:28:45+00:00","breadcrumb":{"@id":"https:\/\/i-vent.com\/si\/novice\/zima-ni-ovira-za-svez-zrak-pametno-prezracevanje-za-zdravo-bivanje\/#breadcrumb"},"inLanguage":"sl-SI","potentialAction":[{"@type":"ReadAction","target":["https:\/\/i-vent.com\/si\/novice\/zima-ni-ovira-za-svez-zrak-pametno-prezracevanje-za-zdravo-bivanje\/"]}]},{"@type":"ImageObject","inLanguage":"sl-SI","@id":"https:\/\/i-vent.com\/si\/novice\/zima-ni-ovira-za-svez-zrak-pametno-prezracevanje-za-zdravo-bivanje\/#primaryimage","url":"https:\/\/i-vent.com\/si\/wp-content\/uploads\/2025\/01\/najlepse-darilo-vasemu-domu-1176x680px-1.jpg","contentUrl":"https:\/\/i-vent.com\/si\/wp-content\/uploads\/2025\/01\/najlepse-darilo-vasemu-domu-1176x680px-1.jpg","width":1176,"height":680},{"@type":"BreadcrumbList","@id":"https:\/\/i-vent.com\/si\/novice\/zima-ni-ovira-za-svez-zrak-pametno-prezracevanje-za-zdravo-bivanje\/#breadcrumb","itemListElement":[{"@type":"ListItem","position":1,"name":"Domov","item":"https:\/\/i-vent.com\/si\/"},{"@type":"ListItem","position":2,"name":"Zima ni ovira za sve\u017e zrak: Pametno prezra\u010devanje za zdravo bivanje"}]},{"@type":"WebSite","@id":"https:\/\/i-vent.com\/si\/#website","url":"https:\/\/i-vent.com\/si\/","name":"i-Vent","description":"Specialisti za prezra\u010devanje","publisher":{"@id":"https:\/\/i-vent.com\/si\/#organization"},"alternateName":"i-Vent","potentialAction":[{"@type":"SearchAction","target":{"@type":"EntryPoint","urlTemplate":"https:\/\/i-vent.com\/si\/?s={search_term_string}"},"query-input":{"@type":"PropertyValueSpecification","valueRequired":true,"valueName":"search_term_string"}}],"inLanguage":"sl-SI"},{"@type":"Organization","@id":"https:\/\/i-vent.com\/si\/#organization","name":"i-Vent","alternateName":"i-Vent d.o.o.","url":"https:\/\/i-vent.com\/si\/","logo":{"@type":"ImageObject","inLanguage":"sl-SI","@id":"https:\/\/i-vent.com\/si\/#\/schema\/logo\/image\/","url":"https:\/\/i-vent.com\/si\/wp-content\/uploads\/2025\/03\/i-Vent_696x696.jpg","contentUrl":"https:\/\/i-vent.com\/si\/wp-content\/uploads\/2025\/03\/i-Vent_696x696.jpg","width":696,"height":696,"caption":"i-Vent"},"image":{"@id":"https:\/\/i-vent.com\/si\/#\/schema\/logo\/image\/"},"sameAs":["https:\/\/www.facebook.com\/iVent.slovenija\/"]},{"@type":"Person","@id":"https:\/\/i-vent.com\/si\/#\/schema\/person\/67bf2a2b2f68c947ac000d62052d075f","name":"\u0160pela","image":{"@type":"ImageObject","inLanguage":"sl-SI","@id":"https:\/\/i-vent.com\/si\/#\/schema\/person\/image\/","url":"https:\/\/i-vent.com\/si\/wp-content\/litespeed\/avatar\/a75cd71c97d80944a02928bfead600e5.jpg?ver=1777145982","contentUrl":"https:\/\/i-vent.com\/si\/wp-content\/litespeed\/avatar\/a75cd71c97d80944a02928bfead600e5.jpg?ver=1777145982","caption":"\u0160pela"},"url":"https:\/\/i-vent.com\/si\/author\/spela-golobnaveza-com\/"}]}},"_links":{"self":[{"href":"https:\/\/i-vent.com\/si\/wp-json\/wp\/v2\/posts\/23085","targetHints":{"allow":["GET"]}}],"collection":[{"href":"https:\/\/i-vent.com\/si\/wp-json\/wp\/v2\/posts"}],"about":[{"href":"https:\/\/i-vent.com\/si\/wp-json\/wp\/v2\/types\/post"}],"author":[{"embeddable":true,"href":"https:\/\/i-vent.com\/si\/wp-json\/wp\/v2\/users\/2"}],"replies":[{"embeddable":true,"href":"https:\/\/i-vent.com\/si\/wp-json\/wp\/v2\/comments?post=23085"}],"version-history":[{"count":0,"href":"https:\/\/i-vent.com\/si\/wp-json\/wp\/v2\/posts\/23085\/revisions"}],"wp:featuredmedia":[{"embeddable":true,"href":"https:\/\/i-vent.com\/si\/wp-json\/wp\/v2\/media\/23086"}],"wp:attachment":[{"href":"https:\/\/i-vent.com\/si\/wp-json\/wp\/v2\/media?parent=23085"}],"wp:term":[{"taxonomy":"category","embeddable":true,"href":"https:\/\/i-vent.com\/si\/wp-json\/wp\/v2\/categories?post=23085"},{"taxonomy":"post_tag","embeddable":true,"href":"https:\/\/i-vent.com\/si\/wp-json\/wp\/v2\/tags?post=23085"}],"curies":[{"name":"wp","href":"https:\/\/api.w.org\/{rel}","templated":true}]}}