{"id":23079,"date":"2024-10-28T22:27:00","date_gmt":"2024-10-28T21:27:00","guid":{"rendered":"https:\/\/i-vent.com\/si\/?p=23079"},"modified":"2026-02-19T07:29:10","modified_gmt":"2026-02-19T06:29:10","slug":"slovenija-v-samem-svetovnem-vrhu-po-stevilu-prezracevalnih-sistemov","status":"publish","type":"post","link":"https:\/\/i-vent.com\/si\/novice\/slovenija-v-samem-svetovnem-vrhu-po-stevilu-prezracevalnih-sistemov\/","title":{"rendered":"Slovenija v samem svetovnem vrhu po \u0161tevilu prezra\u010devalnih sistemov"},"content":{"rendered":"\r\n<p><strong>V zadnjih letih podro\u010dje prezra\u010devanja dobiva nove razse\u017enosti. Kot pove Milan Kuster, direktor podjetja i-Vent, pred petdesetimi leti o prezra\u010devanju ni govoril nih\u010de, saj okna v tistem \u010dasu niso tako tesnila kot danes, tako da je prezra\u010devanje potekalo po naravni poti. Danes je zgodba popolnoma druga\u010dna. Sodobni objekti so grajeni kakovostno, skoraj zrakotesno, zato so tudi z energetskega vidika veliko bolj u\u010dinkoviti kot neko\u010d.\u00a0<\/strong><\/p>\r\n\r\n\r\n\r\n<p>Zato je v primeru novogradenj razmislek o vgradnji prezra\u010devalnega sistema ve\u010d kot na mestu. Milan Kuster z veseljem opa\u017ea, da so ljudje, ki se lotevajo gradnje novih objektov, \u017ee zelo dobro ozave\u0161\u010deni o potrebah po kakovostnem prezra\u010devanju. Po njegovih besedah tudi v podjetju i-Vent apelirajo na investitorje, da je najbolj smiselno, preprosto in logi\u010dno, da se vgradnja prezra\u010devalnega sistema izvede \u017ee med gradnjo. Postopek vgradnje je v tem primeru preprostej\u0161i, pa tudi cenej\u0161i.<\/p>\r\n\r\n\r\n\r\n<p>O tem, kak\u0161ni so na\u010drti podjetja i-Vent, ki je do zdaj prezra\u010dilo \u017ee\u00a0<strong>ve\u010d kot 50.000 objektov<\/strong>\u00a0in v skoraj 15 letih delovanja postavilo \u0161tevilne mejnike na podro\u010dju prezra\u010devanja, pa je Milan Kuster spregovoril v prispevku, do katerega lahko dostopate\u00a0<strong><a href=\"https:\/\/siol.net\/trendi\/dom\/gremo-v-nov-dom-prezracevalni-sistemi-v-novogradnjah-646312\">TUKAJ<\/a><\/strong>.\u00a0<\/p>\r\n\r\n\r\n\r\n<p>Vir:\u00a0<strong><a href=\"http:\/\/siol.net\/\">siol.net<\/a><\/strong><\/p>\r\n","protected":false},"excerpt":{"rendered":"<p>V zadnjih letih podro\u010dje prezra\u010devanja dobiva nove razse\u017enosti. Kot pove Milan Kuster, direktor podjetja i-Vent, pred petdesetimi leti o prezra\u010devanju ni govoril nih\u010de, saj okna v tistem \u010dasu niso tako tesnila kot danes, tako da je prezra\u010devanje potekalo po naravni poti. <\/p>\n","protected":false},"author":2,"featured_media":32105,"comment_status":"closed","ping_status":"closed","sticky":false,"template":"","format":"standard","meta":{"footnotes":""},"categories":[1],"tags":[225,230],"class_list":["post-23079","post","type-post","status-publish","format-standard","has-post-thumbnail","hentry","category-novice","tag-prezracevanje","tag-rekuperacija"],"yoast_head":"<!-- This site is optimized with the Yoast SEO plugin v27.1.1 - https:\/\/yoast.com\/product\/yoast-seo-wordpress\/ -->\n<title>Slovenija v samem svetovnem vrhu po \u0161tevilu prezra\u010devalnih sistemov - i-Vent.com<\/title>\n<meta name=\"robots\" content=\"noindex, follow\" \/>\n<meta property=\"og:locale\" content=\"sl_SI\" \/>\n<meta property=\"og:type\" content=\"article\" \/>\n<meta property=\"og:title\" content=\"Slovenija v samem svetovnem vrhu po \u0161tevilu prezra\u010devalnih sistemov - i-Vent.com\" \/>\n<meta property=\"og:description\" content=\"V zadnjih letih podro\u010dje prezra\u010devanja dobiva nove razse\u017enosti. Kot pove Milan Kuster, direktor podjetja i-Vent, pred petdesetimi leti o prezra\u010devanju ni govoril nih\u010de, saj okna v tistem \u010dasu niso tako tesnila kot danes, tako da je prezra\u010devanje potekalo po naravni poti.\" \/>\n<meta property=\"og:url\" content=\"https:\/\/i-vent.com\/si\/novice\/slovenija-v-samem-svetovnem-vrhu-po-stevilu-prezracevalnih-sistemov\/\" \/>\n<meta property=\"og:site_name\" content=\"i-Vent.com\" \/>\n<meta property=\"article:publisher\" content=\"https:\/\/www.facebook.com\/iVent.slovenija\/\" \/>\n<meta property=\"article:published_time\" content=\"2024-10-28T21:27:00+00:00\" \/>\n<meta property=\"article:modified_time\" content=\"2026-02-19T06:29:10+00:00\" \/>\n<meta property=\"og:image\" content=\"https:\/\/i-vent.com\/si\/wp-content\/uploads\/2024\/10\/i-Ventprezracevalni-sistemi.webp\" \/>\n\t<meta property=\"og:image:width\" content=\"1160\" \/>\n\t<meta property=\"og:image:height\" content=\"669\" \/>\n\t<meta property=\"og:image:type\" content=\"image\/webp\" \/>\n<meta name=\"author\" content=\"\u0160pela\" \/>\n<meta name=\"twitter:card\" content=\"summary_large_image\" \/>\n<meta name=\"twitter:label1\" content=\"Written by\" \/>\n\t<meta name=\"twitter:data1\" content=\"\u0160pela\" \/>\n\t<meta name=\"twitter:label2\" content=\"Est. reading time\" \/>\n\t<meta name=\"twitter:data2\" content=\"2 minuti\" \/>\n<script type=\"application\/ld+json\" class=\"yoast-schema-graph\">{\"@context\":\"https:\/\/schema.org\",\"@graph\":[{\"@type\":\"Article\",\"@id\":\"https:\/\/i-vent.com\/si\/novice\/slovenija-v-samem-svetovnem-vrhu-po-stevilu-prezracevalnih-sistemov\/#article\",\"isPartOf\":{\"@id\":\"https:\/\/i-vent.com\/si\/novice\/slovenija-v-samem-svetovnem-vrhu-po-stevilu-prezracevalnih-sistemov\/\"},\"author\":{\"name\":\"\u0160pela\",\"@id\":\"https:\/\/i-vent.com\/si\/#\/schema\/person\/67bf2a2b2f68c947ac000d62052d075f\"},\"headline\":\"Slovenija v samem svetovnem vrhu po \u0161tevilu prezra\u010devalnih sistemov\",\"datePublished\":\"2024-10-28T21:27:00+00:00\",\"dateModified\":\"2026-02-19T06:29:10+00:00\",\"mainEntityOfPage\":{\"@id\":\"https:\/\/i-vent.com\/si\/novice\/slovenija-v-samem-svetovnem-vrhu-po-stevilu-prezracevalnih-sistemov\/\"},\"wordCount\":210,\"publisher\":{\"@id\":\"https:\/\/i-vent.com\/si\/#organization\"},\"image\":{\"@id\":\"https:\/\/i-vent.com\/si\/novice\/slovenija-v-samem-svetovnem-vrhu-po-stevilu-prezracevalnih-sistemov\/#primaryimage\"},\"thumbnailUrl\":\"https:\/\/i-vent.com\/si\/wp-content\/uploads\/2024\/10\/i-Ventprezracevalni-sistemi.webp\",\"keywords\":[\"prezra\u010devanje\",\"rekuperacija\"],\"articleSection\":[\"Novice\"],\"inLanguage\":\"sl-SI\"},{\"@type\":\"WebPage\",\"@id\":\"https:\/\/i-vent.com\/si\/novice\/slovenija-v-samem-svetovnem-vrhu-po-stevilu-prezracevalnih-sistemov\/\",\"url\":\"https:\/\/i-vent.com\/si\/novice\/slovenija-v-samem-svetovnem-vrhu-po-stevilu-prezracevalnih-sistemov\/\",\"name\":\"Slovenija v samem svetovnem vrhu po \u0161tevilu prezra\u010devalnih sistemov - i-Vent.com\",\"isPartOf\":{\"@id\":\"https:\/\/i-vent.com\/si\/#website\"},\"primaryImageOfPage\":{\"@id\":\"https:\/\/i-vent.com\/si\/novice\/slovenija-v-samem-svetovnem-vrhu-po-stevilu-prezracevalnih-sistemov\/#primaryimage\"},\"image\":{\"@id\":\"https:\/\/i-vent.com\/si\/novice\/slovenija-v-samem-svetovnem-vrhu-po-stevilu-prezracevalnih-sistemov\/#primaryimage\"},\"thumbnailUrl\":\"https:\/\/i-vent.com\/si\/wp-content\/uploads\/2024\/10\/i-Ventprezracevalni-sistemi.webp\",\"datePublished\":\"2024-10-28T21:27:00+00:00\",\"dateModified\":\"2026-02-19T06:29:10+00:00\",\"breadcrumb\":{\"@id\":\"https:\/\/i-vent.com\/si\/novice\/slovenija-v-samem-svetovnem-vrhu-po-stevilu-prezracevalnih-sistemov\/#breadcrumb\"},\"inLanguage\":\"sl-SI\",\"potentialAction\":[{\"@type\":\"ReadAction\",\"target\":[\"https:\/\/i-vent.com\/si\/novice\/slovenija-v-samem-svetovnem-vrhu-po-stevilu-prezracevalnih-sistemov\/\"]}]},{\"@type\":\"ImageObject\",\"inLanguage\":\"sl-SI\",\"@id\":\"https:\/\/i-vent.com\/si\/novice\/slovenija-v-samem-svetovnem-vrhu-po-stevilu-prezracevalnih-sistemov\/#primaryimage\",\"url\":\"https:\/\/i-vent.com\/si\/wp-content\/uploads\/2024\/10\/i-Ventprezracevalni-sistemi.webp\",\"contentUrl\":\"https:\/\/i-vent.com\/si\/wp-content\/uploads\/2024\/10\/i-Ventprezracevalni-sistemi.webp\",\"width\":1160,\"height\":669,\"caption\":\"i-Vent prezra\u010devalni sistemi\"},{\"@type\":\"BreadcrumbList\",\"@id\":\"https:\/\/i-vent.com\/si\/novice\/slovenija-v-samem-svetovnem-vrhu-po-stevilu-prezracevalnih-sistemov\/#breadcrumb\",\"itemListElement\":[{\"@type\":\"ListItem\",\"position\":1,\"name\":\"Domov\",\"item\":\"https:\/\/i-vent.com\/si\/\"},{\"@type\":\"ListItem\",\"position\":2,\"name\":\"Slovenija v samem svetovnem vrhu po \u0161tevilu prezra\u010devalnih sistemov\"}]},{\"@type\":\"WebSite\",\"@id\":\"https:\/\/i-vent.com\/si\/#website\",\"url\":\"https:\/\/i-vent.com\/si\/\",\"name\":\"i-Vent\",\"description\":\"Specialisti za prezra\u010devanje\",\"publisher\":{\"@id\":\"https:\/\/i-vent.com\/si\/#organization\"},\"alternateName\":\"i-Vent\",\"potentialAction\":[{\"@type\":\"SearchAction\",\"target\":{\"@type\":\"EntryPoint\",\"urlTemplate\":\"https:\/\/i-vent.com\/si\/?s={search_term_string}\"},\"query-input\":{\"@type\":\"PropertyValueSpecification\",\"valueRequired\":true,\"valueName\":\"search_term_string\"}}],\"inLanguage\":\"sl-SI\"},{\"@type\":\"Organization\",\"@id\":\"https:\/\/i-vent.com\/si\/#organization\",\"name\":\"i-Vent\",\"alternateName\":\"i-Vent d.o.o.\",\"url\":\"https:\/\/i-vent.com\/si\/\",\"logo\":{\"@type\":\"ImageObject\",\"inLanguage\":\"sl-SI\",\"@id\":\"https:\/\/i-vent.com\/si\/#\/schema\/logo\/image\/\",\"url\":\"https:\/\/i-vent.com\/si\/wp-content\/uploads\/2025\/03\/i-Vent_696x696.jpg\",\"contentUrl\":\"https:\/\/i-vent.com\/si\/wp-content\/uploads\/2025\/03\/i-Vent_696x696.jpg\",\"width\":696,\"height\":696,\"caption\":\"i-Vent\"},\"image\":{\"@id\":\"https:\/\/i-vent.com\/si\/#\/schema\/logo\/image\/\"},\"sameAs\":[\"https:\/\/www.facebook.com\/iVent.slovenija\/\"]},{\"@type\":\"Person\",\"@id\":\"https:\/\/i-vent.com\/si\/#\/schema\/person\/67bf2a2b2f68c947ac000d62052d075f\",\"name\":\"\u0160pela\",\"image\":{\"@type\":\"ImageObject\",\"inLanguage\":\"sl-SI\",\"@id\":\"https:\/\/i-vent.com\/si\/#\/schema\/person\/image\/\",\"url\":\"https:\/\/i-vent.com\/si\/wp-content\/litespeed\/avatar\/a75cd71c97d80944a02928bfead600e5.jpg?ver=1777145982\",\"contentUrl\":\"https:\/\/i-vent.com\/si\/wp-content\/litespeed\/avatar\/a75cd71c97d80944a02928bfead600e5.jpg?ver=1777145982\",\"caption\":\"\u0160pela\"},\"url\":\"https:\/\/i-vent.com\/si\/author\/spela-golobnaveza-com\/\"}]}<\/script>\n<!-- \/ Yoast SEO plugin. -->","yoast_head_json":{"title":"Slovenija v samem svetovnem vrhu po \u0161tevilu prezra\u010devalnih sistemov - i-Vent.com","robots":{"index":"noindex","follow":"follow"},"og_locale":"sl_SI","og_type":"article","og_title":"Slovenija v samem svetovnem vrhu po \u0161tevilu prezra\u010devalnih sistemov - i-Vent.com","og_description":"V zadnjih letih podro\u010dje prezra\u010devanja dobiva nove razse\u017enosti. Kot pove Milan Kuster, direktor podjetja i-Vent, pred petdesetimi leti o prezra\u010devanju ni govoril nih\u010de, saj okna v tistem \u010dasu niso tako tesnila kot danes, tako da je prezra\u010devanje potekalo po naravni poti.","og_url":"https:\/\/i-vent.com\/si\/novice\/slovenija-v-samem-svetovnem-vrhu-po-stevilu-prezracevalnih-sistemov\/","og_site_name":"i-Vent.com","article_publisher":"https:\/\/www.facebook.com\/iVent.slovenija\/","article_published_time":"2024-10-28T21:27:00+00:00","article_modified_time":"2026-02-19T06:29:10+00:00","og_image":[{"width":1160,"height":669,"url":"https:\/\/i-vent.com\/si\/wp-content\/uploads\/2024\/10\/i-Ventprezracevalni-sistemi.webp","type":"image\/webp"}],"author":"\u0160pela","twitter_card":"summary_large_image","twitter_misc":{"Written by":"\u0160pela","Est. reading time":"2 minuti"},"schema":{"@context":"https:\/\/schema.org","@graph":[{"@type":"Article","@id":"https:\/\/i-vent.com\/si\/novice\/slovenija-v-samem-svetovnem-vrhu-po-stevilu-prezracevalnih-sistemov\/#article","isPartOf":{"@id":"https:\/\/i-vent.com\/si\/novice\/slovenija-v-samem-svetovnem-vrhu-po-stevilu-prezracevalnih-sistemov\/"},"author":{"name":"\u0160pela","@id":"https:\/\/i-vent.com\/si\/#\/schema\/person\/67bf2a2b2f68c947ac000d62052d075f"},"headline":"Slovenija v samem svetovnem vrhu po \u0161tevilu prezra\u010devalnih sistemov","datePublished":"2024-10-28T21:27:00+00:00","dateModified":"2026-02-19T06:29:10+00:00","mainEntityOfPage":{"@id":"https:\/\/i-vent.com\/si\/novice\/slovenija-v-samem-svetovnem-vrhu-po-stevilu-prezracevalnih-sistemov\/"},"wordCount":210,"publisher":{"@id":"https:\/\/i-vent.com\/si\/#organization"},"image":{"@id":"https:\/\/i-vent.com\/si\/novice\/slovenija-v-samem-svetovnem-vrhu-po-stevilu-prezracevalnih-sistemov\/#primaryimage"},"thumbnailUrl":"https:\/\/i-vent.com\/si\/wp-content\/uploads\/2024\/10\/i-Ventprezracevalni-sistemi.webp","keywords":["prezra\u010devanje","rekuperacija"],"articleSection":["Novice"],"inLanguage":"sl-SI"},{"@type":"WebPage","@id":"https:\/\/i-vent.com\/si\/novice\/slovenija-v-samem-svetovnem-vrhu-po-stevilu-prezracevalnih-sistemov\/","url":"https:\/\/i-vent.com\/si\/novice\/slovenija-v-samem-svetovnem-vrhu-po-stevilu-prezracevalnih-sistemov\/","name":"Slovenija v samem svetovnem vrhu po \u0161tevilu prezra\u010devalnih sistemov - i-Vent.com","isPartOf":{"@id":"https:\/\/i-vent.com\/si\/#website"},"primaryImageOfPage":{"@id":"https:\/\/i-vent.com\/si\/novice\/slovenija-v-samem-svetovnem-vrhu-po-stevilu-prezracevalnih-sistemov\/#primaryimage"},"image":{"@id":"https:\/\/i-vent.com\/si\/novice\/slovenija-v-samem-svetovnem-vrhu-po-stevilu-prezracevalnih-sistemov\/#primaryimage"},"thumbnailUrl":"https:\/\/i-vent.com\/si\/wp-content\/uploads\/2024\/10\/i-Ventprezracevalni-sistemi.webp","datePublished":"2024-10-28T21:27:00+00:00","dateModified":"2026-02-19T06:29:10+00:00","breadcrumb":{"@id":"https:\/\/i-vent.com\/si\/novice\/slovenija-v-samem-svetovnem-vrhu-po-stevilu-prezracevalnih-sistemov\/#breadcrumb"},"inLanguage":"sl-SI","potentialAction":[{"@type":"ReadAction","target":["https:\/\/i-vent.com\/si\/novice\/slovenija-v-samem-svetovnem-vrhu-po-stevilu-prezracevalnih-sistemov\/"]}]},{"@type":"ImageObject","inLanguage":"sl-SI","@id":"https:\/\/i-vent.com\/si\/novice\/slovenija-v-samem-svetovnem-vrhu-po-stevilu-prezracevalnih-sistemov\/#primaryimage","url":"https:\/\/i-vent.com\/si\/wp-content\/uploads\/2024\/10\/i-Ventprezracevalni-sistemi.webp","contentUrl":"https:\/\/i-vent.com\/si\/wp-content\/uploads\/2024\/10\/i-Ventprezracevalni-sistemi.webp","width":1160,"height":669,"caption":"i-Vent prezra\u010devalni sistemi"},{"@type":"BreadcrumbList","@id":"https:\/\/i-vent.com\/si\/novice\/slovenija-v-samem-svetovnem-vrhu-po-stevilu-prezracevalnih-sistemov\/#breadcrumb","itemListElement":[{"@type":"ListItem","position":1,"name":"Domov","item":"https:\/\/i-vent.com\/si\/"},{"@type":"ListItem","position":2,"name":"Slovenija v samem svetovnem vrhu po \u0161tevilu prezra\u010devalnih sistemov"}]},{"@type":"WebSite","@id":"https:\/\/i-vent.com\/si\/#website","url":"https:\/\/i-vent.com\/si\/","name":"i-Vent","description":"Specialisti za prezra\u010devanje","publisher":{"@id":"https:\/\/i-vent.com\/si\/#organization"},"alternateName":"i-Vent","potentialAction":[{"@type":"SearchAction","target":{"@type":"EntryPoint","urlTemplate":"https:\/\/i-vent.com\/si\/?s={search_term_string}"},"query-input":{"@type":"PropertyValueSpecification","valueRequired":true,"valueName":"search_term_string"}}],"inLanguage":"sl-SI"},{"@type":"Organization","@id":"https:\/\/i-vent.com\/si\/#organization","name":"i-Vent","alternateName":"i-Vent d.o.o.","url":"https:\/\/i-vent.com\/si\/","logo":{"@type":"ImageObject","inLanguage":"sl-SI","@id":"https:\/\/i-vent.com\/si\/#\/schema\/logo\/image\/","url":"https:\/\/i-vent.com\/si\/wp-content\/uploads\/2025\/03\/i-Vent_696x696.jpg","contentUrl":"https:\/\/i-vent.com\/si\/wp-content\/uploads\/2025\/03\/i-Vent_696x696.jpg","width":696,"height":696,"caption":"i-Vent"},"image":{"@id":"https:\/\/i-vent.com\/si\/#\/schema\/logo\/image\/"},"sameAs":["https:\/\/www.facebook.com\/iVent.slovenija\/"]},{"@type":"Person","@id":"https:\/\/i-vent.com\/si\/#\/schema\/person\/67bf2a2b2f68c947ac000d62052d075f","name":"\u0160pela","image":{"@type":"ImageObject","inLanguage":"sl-SI","@id":"https:\/\/i-vent.com\/si\/#\/schema\/person\/image\/","url":"https:\/\/i-vent.com\/si\/wp-content\/litespeed\/avatar\/a75cd71c97d80944a02928bfead600e5.jpg?ver=1777145982","contentUrl":"https:\/\/i-vent.com\/si\/wp-content\/litespeed\/avatar\/a75cd71c97d80944a02928bfead600e5.jpg?ver=1777145982","caption":"\u0160pela"},"url":"https:\/\/i-vent.com\/si\/author\/spela-golobnaveza-com\/"}]}},"_links":{"self":[{"href":"https:\/\/i-vent.com\/si\/wp-json\/wp\/v2\/posts\/23079","targetHints":{"allow":["GET"]}}],"collection":[{"href":"https:\/\/i-vent.com\/si\/wp-json\/wp\/v2\/posts"}],"about":[{"href":"https:\/\/i-vent.com\/si\/wp-json\/wp\/v2\/types\/post"}],"author":[{"embeddable":true,"href":"https:\/\/i-vent.com\/si\/wp-json\/wp\/v2\/users\/2"}],"replies":[{"embeddable":true,"href":"https:\/\/i-vent.com\/si\/wp-json\/wp\/v2\/comments?post=23079"}],"version-history":[{"count":0,"href":"https:\/\/i-vent.com\/si\/wp-json\/wp\/v2\/posts\/23079\/revisions"}],"wp:featuredmedia":[{"embeddable":true,"href":"https:\/\/i-vent.com\/si\/wp-json\/wp\/v2\/media\/32105"}],"wp:attachment":[{"href":"https:\/\/i-vent.com\/si\/wp-json\/wp\/v2\/media?parent=23079"}],"wp:term":[{"taxonomy":"category","embeddable":true,"href":"https:\/\/i-vent.com\/si\/wp-json\/wp\/v2\/categories?post=23079"},{"taxonomy":"post_tag","embeddable":true,"href":"https:\/\/i-vent.com\/si\/wp-json\/wp\/v2\/tags?post=23079"}],"curies":[{"name":"wp","href":"https:\/\/api.w.org\/{rel}","templated":true}]}}